{"id":85583,"date":"2019-10-31T20:08:03","date_gmt":"2019-10-31T23:08:03","guid":{"rendered":"http:\/\/www.locoxelrojo.com\/independiente\/?p=85583"},"modified":"2019-11-01T02:52:54","modified_gmt":"2019-11-01T05:52:54","slug":"sin-tiempo-para-descansar-2","status":"publish","type":"post","link":"https:\/\/www.locoxelrojo.com\/independiente\/2019\/10\/31\/sin-tiempo-para-descansar-2\/","title":{"rendered":"Sin tiempo para descansar"},"content":{"rendered":"<p><a href=\"https:\/\/www.locoxelrojo.com\/independiente\/2019\/10\/30\/se-lo-sacaron-de-las-manos\/\">Tras el empate con Uni\u00f3n de Santa Fe<\/a>, <strong>Independiente se entren\u00f3 este jueves en Villa Dom\u00ednico.<\/strong><\/p>\n<p>A\u00fan masticando bronca por los errores arbitrales de Pablo Echavarr\u00eda que le impidieron al Rojo traerse los tres puntos para Avellaneda, <strong>los jugadores de Independiente no tuvieron descanso y practicaron esta ma\u00f1ana de cara al partido del domingo frente a San Lorenzo.<\/strong><\/p>\n<p>Bajo las \u00f3rdenes de Fernando Ber\u00f3n, <strong>los que jugaron frente a Uni\u00f3n realizaron ejercicios f\u00edsicos y trabajos regenerativos. Para el resto, hubo movimientos t\u00e1cticos con pelota.<\/strong><\/p>\n<p>Pensando en el Cicl\u00f3n, <a href=\"https:\/\/www.locoxelrojo.com\/independiente\/2019\/10\/30\/bustos-se-pierde-el-proximo-2\/\">Ber\u00f3n no podr\u00e1 contar con Fabricio Bustos<\/a>, expulsado en Santa Fe. <strong>Alan Franco termin\u00f3 ocupando el carril derecho de la defensa, hay que ver si el t\u00e9cnico se inclina por mantenerlo ah\u00ed o realiza alguna modificaci\u00f3n.<\/strong><\/p>\n","protected":false},"excerpt":{"rendered":"<p>Tras el empate con Uni\u00f3n de Santa Fe, Independiente se entren\u00f3 este jueves en Villa Dom\u00ednico. A\u00fan masticando bronca por los errores arbitrales de Pablo Echavarr\u00eda que le impidieron al Rojo traerse los tres puntos para Avellaneda, los jugadores de Independiente no tuvieron descanso y practicaron esta ma\u00f1ana de cara al partido del domingo frente [&hellip;]<\/p>\n","protected":false},"author":1,"featured_media":85584,"comment_status":"open","ping_status":"closed","sticky":false,"template":"","format":"standard","meta":{"_links_to":"","_links_to_target":""},"categories":[3247,3],"tags":[26,2862,172],"_links":{"self":[{"href":"https:\/\/www.locoxelrojo.com\/independiente\/wp-json\/wp\/v2\/posts\/85583"}],"collection":[{"href":"https:\/\/www.locoxelrojo.com\/independiente\/wp-json\/wp\/v2\/posts"}],"about":[{"href":"https:\/\/www.locoxelrojo.com\/independiente\/wp-json\/wp\/v2\/types\/post"}],"author":[{"embeddable":true,"href":"https:\/\/www.locoxelrojo.com\/independiente\/wp-json\/wp\/v2\/users\/1"}],"replies":[{"embeddable":true,"href":"https:\/\/www.locoxelrojo.com\/independiente\/wp-json\/wp\/v2\/comments?post=85583"}],"version-history":[{"count":0,"href":"https:\/\/www.locoxelrojo.com\/independiente\/wp-json\/wp\/v2\/posts\/85583\/revisions"}],"wp:featuredmedia":[{"embeddable":true,"href":"https:\/\/www.locoxelrojo.com\/independiente\/wp-json\/wp\/v2\/media\/85584"}],"wp:attachment":[{"href":"https:\/\/www.locoxelrojo.com\/independiente\/wp-json\/wp\/v2\/media?parent=85583"}],"wp:term":[{"taxonomy":"category","embeddable":true,"href":"https:\/\/www.locoxelrojo.com\/independiente\/wp-json\/wp\/v2\/categories?post=85583"},{"taxonomy":"post_tag","embeddable":true,"href":"https:\/\/www.locoxelrojo.com\/independiente\/wp-json\/wp\/v2\/tags?post=85583"}],"curies":[{"name":"wp","href":"https:\/\/api.w.org\/{rel}","templated":true}]}}