{"id":85601,"date":"2019-11-01T18:07:43","date_gmt":"2019-11-01T21:07:43","guid":{"rendered":"http:\/\/www.locoxelrojo.com\/independiente\/?p=85601"},"modified":"2019-11-01T18:42:11","modified_gmt":"2019-11-01T21:42:11","slug":"pensando-opciones-para-un-cambio-obligado","status":"publish","type":"post","link":"https:\/\/www.locoxelrojo.com\/independiente\/2019\/11\/01\/pensando-opciones-para-un-cambio-obligado\/","title":{"rendered":"Pensando opciones para un cambio obligado"},"content":{"rendered":"<p><strong>Independiente se entren\u00f3 por la ma\u00f1ana en Villa Dom\u00ednico, con la mira en el partido del domingo ante San Lorenzo en el Libertadores de Am\u00e9rica.<\/strong><\/p>\n<p>Los jugadores que participaron de la ca\u00edda ante Uni\u00f3n completaron las<strong> tareas f\u00edsicas regenerativas<\/strong> y luego realizaron <strong>movimientos con pelota: rutas de pase y ejercicios de definici\u00f3n<\/strong>. El resto del plantel tambi\u00e9n realiz\u00f3 trabajos t\u00e1cticos. Pablo Hern\u00e1ndez sigue recuper\u00e1ndose de su lesi\u00f3n en la rodilla y fue el \u00fanico que entren\u00f3 de manera diferenciada.<\/p>\n<p>Fernando Ber\u00f3n deber\u00e1 hacer <strong>un cambio obligado por la expulsi\u00f3n de Fabricio Bustos<\/strong>. Hay tres opciones para reemplazarlo en el lateral derecho: <strong>Alan Franco<\/strong> (como en Santa Fe),<strong> Nicol\u00e1s Figal <\/strong>(arrastraba una molestia el mi\u00e9rcoles y por eso no se corri\u00f3 a la banda) o<strong> Lucas Romero <\/strong>(jug\u00f3 en ese puesto en Cruzeiro).<\/p>\n<p>En caso de que el DT elija a uno de los centrales, <strong>entrar\u00eda Juan S\u00e1nchez Mi\u00f1o en el costado izquierdo<\/strong>\u00a0para completar la l\u00ednea de cuatro en el fondo. En cambio, <strong>si se retrasa el Perro, ingresar\u00eda Nicol\u00e1s Domingo<\/strong> para sustituirlo en el doble 5.<\/p>\n<p><strong>El pr\u00f3ximo entrenamiento ser\u00e1 este s\u00e1bado a las 17<\/strong>, a puertas cerradas. Luego de la pr\u00e1ctica, el plantel quedar\u00e1 concentrado en el Hotel Scala, de cara al duelo del domingo a las 20 frente a San Lorenzo.<\/p>\n","protected":false},"excerpt":{"rendered":"<p>Independiente se entren\u00f3 por la ma\u00f1ana en Villa Dom\u00ednico, con la mira en el partido del domingo ante San Lorenzo en el Libertadores de Am\u00e9rica. Los jugadores que participaron de la ca\u00edda ante Uni\u00f3n completaron las tareas f\u00edsicas regenerativas y luego realizaron movimientos con pelota: rutas de pase y ejercicios de definici\u00f3n. El resto del [&hellip;]<\/p>\n","protected":false},"author":101016,"featured_media":85602,"comment_status":"open","ping_status":"closed","sticky":false,"template":"","format":"standard","meta":{"_links_to":"","_links_to_target":""},"categories":[3247,3],"tags":[3231,26,2862,2768,2625,172],"_links":{"self":[{"href":"https:\/\/www.locoxelrojo.com\/independiente\/wp-json\/wp\/v2\/posts\/85601"}],"collection":[{"href":"https:\/\/www.locoxelrojo.com\/independiente\/wp-json\/wp\/v2\/posts"}],"about":[{"href":"https:\/\/www.locoxelrojo.com\/independiente\/wp-json\/wp\/v2\/types\/post"}],"author":[{"embeddable":true,"href":"https:\/\/www.locoxelrojo.com\/independiente\/wp-json\/wp\/v2\/users\/101016"}],"replies":[{"embeddable":true,"href":"https:\/\/www.locoxelrojo.com\/independiente\/wp-json\/wp\/v2\/comments?post=85601"}],"version-history":[{"count":0,"href":"https:\/\/www.locoxelrojo.com\/independiente\/wp-json\/wp\/v2\/posts\/85601\/revisions"}],"wp:featuredmedia":[{"embeddable":true,"href":"https:\/\/www.locoxelrojo.com\/independiente\/wp-json\/wp\/v2\/media\/85602"}],"wp:attachment":[{"href":"https:\/\/www.locoxelrojo.com\/independiente\/wp-json\/wp\/v2\/media?parent=85601"}],"wp:term":[{"taxonomy":"category","embeddable":true,"href":"https:\/\/www.locoxelrojo.com\/independiente\/wp-json\/wp\/v2\/categories?post=85601"},{"taxonomy":"post_tag","embeddable":true,"href":"https:\/\/www.locoxelrojo.com\/independiente\/wp-json\/wp\/v2\/tags?post=85601"}],"curies":[{"name":"wp","href":"https:\/\/api.w.org\/{rel}","templated":true}]}}