{"id":85620,"date":"2019-11-02T07:05:51","date_gmt":"2019-11-02T10:05:51","guid":{"rendered":"http:\/\/www.locoxelrojo.com\/independiente\/?p=85620"},"modified":"2019-11-02T13:23:38","modified_gmt":"2019-11-02T16:23:38","slug":"prestados-rojos-doblete-de-messiniti-en-temperley","status":"publish","type":"post","link":"https:\/\/www.locoxelrojo.com\/independiente\/2019\/11\/02\/prestados-rojos-doblete-de-messiniti-en-temperley\/","title":{"rendered":"Prestados Rojos: doblete de Messiniti en Temperley"},"content":{"rendered":"<p><strong>El delantero ingres\u00f3 a los 22\u2019 del segundo tiempo y, sobre el final del encuentro, convirti\u00f3 dos goles para sellar la victoria del Cele por 3-0 frente a Deportivo Mor\u00f3n<\/strong>.<\/p>\n<p>Son los primeros goles del punta de 23 a\u00f1os en Temperley, club al que lleg\u00f3 a mitad de a\u00f1o por una temporada, sin cargo y sin opci\u00f3n de compra. Viene de pr\u00e9stamos a San Mart\u00edn de San Juan y Defensores de Belgrano.<\/p>\n<p><strong>Messiniti, quien a\u00fan no ha debutado en el Rojo, suma apenas 43\u2019 en Temperley<\/strong>, siempre ingresando desde el banco. Seguramente este doblete sea un impulso para ser tenido en mayor consideraci\u00f3n por el DT, Walter Perazzo.<\/p>\n<p><iframe loading=\"lazy\" src=\"https:\/\/www.youtube.com\/embed\/NlK1J5FDgdc\" width=\"560\" height=\"315\" frameborder=\"0\" allowfullscreen=\"allowfullscreen\"><\/iframe><\/p>\n<p>Tambi\u00e9n por la fecha 10 de la Primera Nacional, <strong>Ezequiel Denis marc\u00f3 de penal en la victoria ag\u00f3nica 2-1 de Almagro sobre Quilmes<\/strong>.<\/p>\n<p><iframe loading=\"lazy\" src=\"https:\/\/www.youtube.com\/embed\/pn3g16ZHtTQ\" width=\"560\" height=\"315\" frameborder=\"0\" allowfullscreen=\"allowfullscreen\"><\/iframe><\/p>\n<p>Otro Prestado Rojo que anot\u00f3 fue <strong>Gonzalo Ver\u00f3n, que tras un c\u00f3rner puso de zurda el 2-1 parcial de Aldosivi frente a Godoy Cruz<\/strong>. El Tibur\u00f3n, sin embargo, cay\u00f3 en Mendoza 3-2.<\/p>\n<p><iframe loading=\"lazy\" src=\"https:\/\/www.youtube.com\/embed\/nweN0psCE6s\" width=\"560\" height=\"315\" frameborder=\"0\" allowfullscreen=\"allowfullscreen\"><\/iframe><\/p>\n","protected":false},"excerpt":{"rendered":"<p>El delantero ingres\u00f3 a los 22\u2019 del segundo tiempo y, sobre el final del encuentro, convirti\u00f3 dos goles para sellar la victoria del Cele por 3-0 frente a Deportivo Mor\u00f3n. Son los primeros goles del punta de 23 a\u00f1os en Temperley, club al que lleg\u00f3 a mitad de a\u00f1o por una temporada, sin cargo y [&hellip;]<\/p>\n","protected":false},"author":101016,"featured_media":85622,"comment_status":"open","ping_status":"closed","sticky":false,"template":"","format":"standard","meta":{"_links_to":"","_links_to_target":""},"categories":[3297,3247],"tags":[516,2985,153,2874,3757,3109,3298,1666],"_links":{"self":[{"href":"https:\/\/www.locoxelrojo.com\/independiente\/wp-json\/wp\/v2\/posts\/85620"}],"collection":[{"href":"https:\/\/www.locoxelrojo.com\/independiente\/wp-json\/wp\/v2\/posts"}],"about":[{"href":"https:\/\/www.locoxelrojo.com\/independiente\/wp-json\/wp\/v2\/types\/post"}],"author":[{"embeddable":true,"href":"https:\/\/www.locoxelrojo.com\/independiente\/wp-json\/wp\/v2\/users\/101016"}],"replies":[{"embeddable":true,"href":"https:\/\/www.locoxelrojo.com\/independiente\/wp-json\/wp\/v2\/comments?post=85620"}],"version-history":[{"count":0,"href":"https:\/\/www.locoxelrojo.com\/independiente\/wp-json\/wp\/v2\/posts\/85620\/revisions"}],"wp:featuredmedia":[{"embeddable":true,"href":"https:\/\/www.locoxelrojo.com\/independiente\/wp-json\/wp\/v2\/media\/85622"}],"wp:attachment":[{"href":"https:\/\/www.locoxelrojo.com\/independiente\/wp-json\/wp\/v2\/media?parent=85620"}],"wp:term":[{"taxonomy":"category","embeddable":true,"href":"https:\/\/www.locoxelrojo.com\/independiente\/wp-json\/wp\/v2\/categories?post=85620"},{"taxonomy":"post_tag","embeddable":true,"href":"https:\/\/www.locoxelrojo.com\/independiente\/wp-json\/wp\/v2\/tags?post=85620"}],"curies":[{"name":"wp","href":"https:\/\/api.w.org\/{rel}","templated":true}]}}