{"id":85669,"date":"2019-11-03T20:20:46","date_gmt":"2019-11-03T23:20:46","guid":{"rendered":"http:\/\/www.locoxelrojo.com\/independiente\/?p=85669"},"modified":"2019-11-04T01:01:04","modified_gmt":"2019-11-04T04:01:04","slug":"infantil-roja-para-palacios","status":"publish","type":"post","link":"https:\/\/www.locoxelrojo.com\/independiente\/2019\/11\/03\/infantil-roja-para-palacios\/","title":{"rendered":"Infantil roja para Palacios"},"content":{"rendered":"<p><strong>El Tucu, que ingres\u00f3 a los 28\u00b4del complemento por Mart\u00edn Ben\u00edtez, fue expulsado tras pelearse con Fabricio Coloccini en tiempo de descuento<\/strong>. <a href=\"https:\/\/www.locoxelrojo.com\/independiente\/2019\/11\/03\/pablo-perez-llego-a-quinta-amarilla\/\">Al igual que Pablo P\u00e9rez, quien lleg\u00f3 a la quinta amarilla<\/a>, <strong>no estar\u00e1n ante Godoy Cruz en la pr\u00f3xima jornada<\/strong>.<\/p>\n<p>Se acababa el encuentro y, tras un ataque frustrado de Independiente, <strong>Sebasti\u00e1n Palacios cometi\u00f3 falta para impedir la r\u00e9plica del Cicl\u00f3n<\/strong>. Eso deriv\u00f3 en el enojo del defensor rival Coloccini y, luego de darse unos manotazos, Patricio Loustau decidi\u00f3 expulsar a ambos.<\/p>\n<p><iframe loading=\"lazy\" src=\"http:\/\/www.espn.com.ar\/core\/video\/iframe?id=6277798&amp;endcard=false\" width=\"640\" height=\"360\" frameborder=\"0\" allowfullscreen=\"allowfullscreen\"><\/iframe><\/p>\n<p>Los minutos en cancha de Palacios no hab\u00edan sido gravitantes, aunque s\u00ed envi\u00f3 un centro desde la derecha que Silvio Romero no pudo resolver. <strong>Es la segunda expulsi\u00f3n del delantero en su carrera <\/strong>-la anterior fue jugando en Talleres-<strong>, evitable por el momento del partido y que le dilata la posibilidad de mostrarse y ganar terreno en la consideraci\u00f3n del DT<\/strong>.<\/p>\n<p><strong>La del Tucu fue la tercera roja consecutiva de Independiente en el torneo<\/strong>, tras las sanciones a Andr\u00e9s Roa frente a Argentinos y la de Fabricio Bustos ante Uni\u00f3n. Justamente el lateral derecho cumpli\u00f3 la sanci\u00f3n ante el Cicl\u00f3n y podr\u00e1 estar en Mendoza el s\u00e1bado pr\u00f3ximo.<\/p>\n","protected":false},"excerpt":{"rendered":"<p>El Tucu, que ingres\u00f3 a los 28\u00b4del complemento por Mart\u00edn Ben\u00edtez, fue expulsado tras pelearse con Fabricio Coloccini en tiempo de descuento. Al igual que Pablo P\u00e9rez, quien lleg\u00f3 a la quinta amarilla, no estar\u00e1n ante Godoy Cruz en la pr\u00f3xima jornada. Se acababa el encuentro y, tras un ataque frustrado de Independiente, Sebasti\u00e1n Palacios [&hellip;]<\/p>\n","protected":false},"author":101016,"featured_media":85671,"comment_status":"open","ping_status":"closed","sticky":false,"template":"","format":"standard","meta":{"_links_to":"","_links_to_target":""},"categories":[3247,3],"tags":[153,3874,270,382,3432,4195],"_links":{"self":[{"href":"https:\/\/www.locoxelrojo.com\/independiente\/wp-json\/wp\/v2\/posts\/85669"}],"collection":[{"href":"https:\/\/www.locoxelrojo.com\/independiente\/wp-json\/wp\/v2\/posts"}],"about":[{"href":"https:\/\/www.locoxelrojo.com\/independiente\/wp-json\/wp\/v2\/types\/post"}],"author":[{"embeddable":true,"href":"https:\/\/www.locoxelrojo.com\/independiente\/wp-json\/wp\/v2\/users\/101016"}],"replies":[{"embeddable":true,"href":"https:\/\/www.locoxelrojo.com\/independiente\/wp-json\/wp\/v2\/comments?post=85669"}],"version-history":[{"count":1,"href":"https:\/\/www.locoxelrojo.com\/independiente\/wp-json\/wp\/v2\/posts\/85669\/revisions"}],"predecessor-version":[{"id":85672,"href":"https:\/\/www.locoxelrojo.com\/independiente\/wp-json\/wp\/v2\/posts\/85669\/revisions\/85672"}],"wp:featuredmedia":[{"embeddable":true,"href":"https:\/\/www.locoxelrojo.com\/independiente\/wp-json\/wp\/v2\/media\/85671"}],"wp:attachment":[{"href":"https:\/\/www.locoxelrojo.com\/independiente\/wp-json\/wp\/v2\/media?parent=85669"}],"wp:term":[{"taxonomy":"category","embeddable":true,"href":"https:\/\/www.locoxelrojo.com\/independiente\/wp-json\/wp\/v2\/categories?post=85669"},{"taxonomy":"post_tag","embeddable":true,"href":"https:\/\/www.locoxelrojo.com\/independiente\/wp-json\/wp\/v2\/tags?post=85669"}],"curies":[{"name":"wp","href":"https:\/\/api.w.org\/{rel}","templated":true}]}}