{"id":85778,"date":"2019-11-12T15:50:13","date_gmt":"2019-11-12T18:50:13","guid":{"rendered":"http:\/\/www.locoxelrojo.com\/independiente\/?p=85778"},"modified":"2019-11-12T15:50:13","modified_gmt":"2019-11-12T18:50:13","slug":"solo-un-traumatismo","status":"publish","type":"post","link":"https:\/\/www.locoxelrojo.com\/independiente\/2019\/11\/12\/solo-un-traumatismo\/","title":{"rendered":"Solo un traumatismo"},"content":{"rendered":"<p>Este martes Independiente volvi\u00f3 a los entrenamientos luego de la gran victoria en Mendoza frente a Godoy Cruz, <strong>sin Mart\u00edn Campa\u00f1a y Gast\u00f3n Silva, y con Nicol\u00e1s Figal averiado.<\/strong><\/p>\n<p>Los dirigidos por Fernando Ber\u00f3n <strong>realizaron rutinas f\u00edsicas en el gimnasio y luego continuaron con, trabajos t\u00e1cticos con pelota, transiciones de defensa y ataque y viceversa, y definici\u00f3n.<\/strong><\/p>\n<p><strong>Campa\u00f1a y Silva ya se encuentran afectados al seleccionado uruguayo<\/strong> y fueron los ausentes con aviso. Por otra parte, <strong>Figal, qui\u00e9n no pudo continuar jugando el fin de semana en Mendoza, present\u00f3 un traumatismo en el muslo de la pierna derecha.<\/strong><\/p>\n<p>El plantel volver\u00e1 a las pr\u00e1cticas este mi\u00e9rcoles por la ma\u00f1ana, nuevamente en predio de Villa Dom\u00ednico.<\/p>\n","protected":false},"excerpt":{"rendered":"<p>Este martes Independiente volvi\u00f3 a los entrenamientos luego de la gran victoria en Mendoza frente a Godoy Cruz, sin Mart\u00edn Campa\u00f1a y Gast\u00f3n Silva, y con Nicol\u00e1s Figal averiado. Los dirigidos por Fernando Ber\u00f3n realizaron rutinas f\u00edsicas en el gimnasio y luego continuaron con, trabajos t\u00e1cticos con pelota, transiciones de defensa y ataque y viceversa, [&hellip;]<\/p>\n","protected":false},"author":1,"featured_media":85086,"comment_status":"open","ping_status":"closed","sticky":false,"template":"","format":"standard","meta":{"_links_to":"","_links_to_target":""},"categories":[3247,3],"tags":[26,2862,3557,3126,2625,172],"_links":{"self":[{"href":"https:\/\/www.locoxelrojo.com\/independiente\/wp-json\/wp\/v2\/posts\/85778"}],"collection":[{"href":"https:\/\/www.locoxelrojo.com\/independiente\/wp-json\/wp\/v2\/posts"}],"about":[{"href":"https:\/\/www.locoxelrojo.com\/independiente\/wp-json\/wp\/v2\/types\/post"}],"author":[{"embeddable":true,"href":"https:\/\/www.locoxelrojo.com\/independiente\/wp-json\/wp\/v2\/users\/1"}],"replies":[{"embeddable":true,"href":"https:\/\/www.locoxelrojo.com\/independiente\/wp-json\/wp\/v2\/comments?post=85778"}],"version-history":[{"count":0,"href":"https:\/\/www.locoxelrojo.com\/independiente\/wp-json\/wp\/v2\/posts\/85778\/revisions"}],"wp:featuredmedia":[{"embeddable":true,"href":"https:\/\/www.locoxelrojo.com\/independiente\/wp-json\/wp\/v2\/media\/85086"}],"wp:attachment":[{"href":"https:\/\/www.locoxelrojo.com\/independiente\/wp-json\/wp\/v2\/media?parent=85778"}],"wp:term":[{"taxonomy":"category","embeddable":true,"href":"https:\/\/www.locoxelrojo.com\/independiente\/wp-json\/wp\/v2\/categories?post=85778"},{"taxonomy":"post_tag","embeddable":true,"href":"https:\/\/www.locoxelrojo.com\/independiente\/wp-json\/wp\/v2\/tags?post=85778"}],"curies":[{"name":"wp","href":"https:\/\/api.w.org\/{rel}","templated":true}]}}