{"id":86001,"date":"2019-12-03T17:30:37","date_gmt":"2019-12-03T20:30:37","guid":{"rendered":"http:\/\/www.locoxelrojo.com\/independiente\/?p=86001"},"modified":"2019-12-03T19:57:06","modified_gmt":"2019-12-03T22:57:06","slug":"figal-quiero-disfrutar-el-dia-a-dia-en-este-club-en-el-que-soy-feliz","status":"publish","type":"post","link":"https:\/\/www.locoxelrojo.com\/independiente\/2019\/12\/03\/figal-quiero-disfrutar-el-dia-a-dia-en-este-club-en-el-que-soy-feliz\/","title":{"rendered":"Figal: \u201cQuiero disfrutar el d\u00eda a d\u00eda en este club en el que soy feliz\u201d"},"content":{"rendered":"<p>Con el final de a\u00f1o a la vuelta de la esquina y <a href=\"https:\/\/www.locoxelrojo.com\/independiente\/2019\/12\/03\/mexico-la-salida-para-las-deudas\/\">en un contexto econ\u00f3micamente desfavorable para Independiente<\/a>, <strong>Nicol\u00e1s Figal<\/strong> respondi\u00f3 en conferencia de prensa sobre la posibilidad de que emigren jugadores importantes del plantel. <strong>\u201cSomos un club grande y sabemos que van a venir a buscar jugadores que juegan bien\u201d<\/strong>, desliz\u00f3 el defensor.<\/p>\n<p><strong>\u201cMart\u00edn es muy querido por la gente, su salida nos puede hacer ruido sobre todo en lo emocional, pero tenemos que seguir adelante porque el club seguir\u00e1 exigiendo. Si se da, me alegrar\u00e9 por \u00e9l y trataremos de superarlo lo m\u00e1s r\u00e1pido posible\u201d<\/strong>, manifest\u00f3 Figal respecto de la concreta posibilidad de que Campa\u00f1a sea transferido al f\u00fatbol mexicano.<\/p>\n<p>Respecto de una eventual salida suya al finalizar la temporada, el defensor central fue claro: <strong>\u201cEs imposible pensar en lo que viene porque quedan dos partidos muy importantes, si ganamos quedamos en el pelot\u00f3n de arriba para hacer la pretemporada motivados y con chances de estar arriba\u201d<\/strong>. Y agreg\u00f3: <strong>\u201cHoy en d\u00eda quiero disfrutar el d\u00eda a d\u00eda en este club en el que soy feliz y tratar de aprovechar cada oportunidad que me queda\u201d<\/strong>.<\/p>\n<p>Tambi\u00e9n, habl\u00f3 sobre su rendimiento y una potencial convocatoria a la Selecci\u00f3n: <strong>\u201cSiempre me ilusiono, pero tengo que hacer mucho m\u00e1s para estar ah\u00ed, hay que hacer las cosas bien en el equipo primero\u201d<\/strong>. Y sum\u00f3:<strong> \u201cPara jugar en la Selecci\u00f3n hay que ser de elite, hoy me faltan peque\u00f1as cosas y trabajo para mejorar individual y colectivamente\u201d<\/strong>.<\/p>\n<p>Por \u00faltimo, el jugador de 25 a\u00f1os reflexion\u00f3 sobre la dupla que hace con Alan Franco en la zaga: <strong>\u201cNos conocemos muy bien. Siempre cuando los jugadores se conocen se sienten c\u00f3modos\u201d<\/strong>. Y concluy\u00f3: <strong>\u201cTambi\u00e9n me ha tocado hacerlo con otros jugadores, siempre estoy predispuesto. Hay un buen plantel y cualquiera lo puede hacer muy bien\u201d<\/strong>.<\/p>\n","protected":false},"excerpt":{"rendered":"<p>Con el final de a\u00f1o a la vuelta de la esquina y en un contexto econ\u00f3micamente desfavorable para Independiente, Nicol\u00e1s Figal respondi\u00f3 en conferencia de prensa sobre la posibilidad de que emigren jugadores importantes del plantel. \u201cSomos un club grande y sabemos que van a venir a buscar jugadores que juegan bien\u201d, desliz\u00f3 el defensor. [&hellip;]<\/p>\n","protected":false},"author":101016,"featured_media":86002,"comment_status":"open","ping_status":"closed","sticky":false,"template":"","format":"standard","meta":{"_links_to":"","_links_to_target":""},"categories":[3247,3],"tags":[2625],"_links":{"self":[{"href":"https:\/\/www.locoxelrojo.com\/independiente\/wp-json\/wp\/v2\/posts\/86001"}],"collection":[{"href":"https:\/\/www.locoxelrojo.com\/independiente\/wp-json\/wp\/v2\/posts"}],"about":[{"href":"https:\/\/www.locoxelrojo.com\/independiente\/wp-json\/wp\/v2\/types\/post"}],"author":[{"embeddable":true,"href":"https:\/\/www.locoxelrojo.com\/independiente\/wp-json\/wp\/v2\/users\/101016"}],"replies":[{"embeddable":true,"href":"https:\/\/www.locoxelrojo.com\/independiente\/wp-json\/wp\/v2\/comments?post=86001"}],"version-history":[{"count":0,"href":"https:\/\/www.locoxelrojo.com\/independiente\/wp-json\/wp\/v2\/posts\/86001\/revisions"}],"wp:featuredmedia":[{"embeddable":true,"href":"https:\/\/www.locoxelrojo.com\/independiente\/wp-json\/wp\/v2\/media\/86002"}],"wp:attachment":[{"href":"https:\/\/www.locoxelrojo.com\/independiente\/wp-json\/wp\/v2\/media?parent=86001"}],"wp:term":[{"taxonomy":"category","embeddable":true,"href":"https:\/\/www.locoxelrojo.com\/independiente\/wp-json\/wp\/v2\/categories?post=86001"},{"taxonomy":"post_tag","embeddable":true,"href":"https:\/\/www.locoxelrojo.com\/independiente\/wp-json\/wp\/v2\/tags?post=86001"}],"curies":[{"name":"wp","href":"https:\/\/api.w.org\/{rel}","templated":true}]}}