{"id":86015,"date":"2019-12-05T18:08:53","date_gmt":"2019-12-05T21:08:53","guid":{"rendered":"http:\/\/www.locoxelrojo.com\/independiente\/?p=86015"},"modified":"2019-12-05T20:09:17","modified_gmt":"2019-12-05T23:09:17","slug":"desprolijidad-e-improvisacion-en-reserva","status":"publish","type":"post","link":"https:\/\/www.locoxelrojo.com\/independiente\/2019\/12\/05\/desprolijidad-e-improvisacion-en-reserva\/","title":{"rendered":"Desprolijidad e improvisaci\u00f3n en Reserva"},"content":{"rendered":"<p><strong>Con gran parte del plantel de Reserva en Brasil jugando la Copa Ipiranga, Independiente deber\u00e1 armar de urgencia un equipo para enfrentar a Banfield, ya que la Superliga no suspendi\u00f3 ese partido.<\/strong><\/p>\n<p>Marcelo G\u00f3mez arm\u00f3 un plantel sub 20 para disputar el certamen juvenil en Brasil, donde hubo un <a href=\"https:\/\/www.locoxelrojo.com\/independiente\/2019\/12\/02\/el-rojo-sub-20-debuto-con-triunfo-en-brasil\/\">debut con triunfo 2-1 ante Pe\u00f1arol<\/a>. <strong>El entrenador cre\u00eda que el encuentro de Reserva contra el Taladro hab\u00eda sido postergado, pero a mitad de semana, se enteraron que esto nunca pas\u00f3.<\/strong><\/p>\n<p>Por un grave error de organizaci\u00f3n del club y una decisi\u00f3n ins\u00f3lita de la Superliga,<strong> el Rojo qued\u00f3 obligado a presentar un equipo este viernes en Villa Dom\u00ednico para no perder los puntos<\/strong>.<\/p>\n<p>Fue as\u00ed como, de manera muy improvisada,<strong> se debi\u00f3 armar un once con jugadores de Primera, futbolistas de Reserva que no viajaron a Brasil y algunos chicos de Inferiores que ya estaban de vacaciones<\/strong>. Santiago Rodr\u00edguez ser\u00e1 el t\u00e9cnico interino en esta fecha.<\/p>\n","protected":false},"excerpt":{"rendered":"<p>Con gran parte del plantel de Reserva en Brasil jugando la Copa Ipiranga, Independiente deber\u00e1 armar de urgencia un equipo para enfrentar a Banfield, ya que la Superliga no suspendi\u00f3 ese partido. Marcelo G\u00f3mez arm\u00f3 un plantel sub 20 para disputar el certamen juvenil en Brasil, donde hubo un debut con triunfo 2-1 ante Pe\u00f1arol. [&hellip;]<\/p>\n","protected":false},"author":8,"featured_media":85020,"comment_status":"open","ping_status":"closed","sticky":false,"template":"","format":"standard","meta":{"_links_to":"","_links_to_target":""},"categories":[3247,141],"tags":[231],"_links":{"self":[{"href":"https:\/\/www.locoxelrojo.com\/independiente\/wp-json\/wp\/v2\/posts\/86015"}],"collection":[{"href":"https:\/\/www.locoxelrojo.com\/independiente\/wp-json\/wp\/v2\/posts"}],"about":[{"href":"https:\/\/www.locoxelrojo.com\/independiente\/wp-json\/wp\/v2\/types\/post"}],"author":[{"embeddable":true,"href":"https:\/\/www.locoxelrojo.com\/independiente\/wp-json\/wp\/v2\/users\/8"}],"replies":[{"embeddable":true,"href":"https:\/\/www.locoxelrojo.com\/independiente\/wp-json\/wp\/v2\/comments?post=86015"}],"version-history":[{"count":1,"href":"https:\/\/www.locoxelrojo.com\/independiente\/wp-json\/wp\/v2\/posts\/86015\/revisions"}],"predecessor-version":[{"id":86016,"href":"https:\/\/www.locoxelrojo.com\/independiente\/wp-json\/wp\/v2\/posts\/86015\/revisions\/86016"}],"wp:featuredmedia":[{"embeddable":true,"href":"https:\/\/www.locoxelrojo.com\/independiente\/wp-json\/wp\/v2\/media\/85020"}],"wp:attachment":[{"href":"https:\/\/www.locoxelrojo.com\/independiente\/wp-json\/wp\/v2\/media?parent=86015"}],"wp:term":[{"taxonomy":"category","embeddable":true,"href":"https:\/\/www.locoxelrojo.com\/independiente\/wp-json\/wp\/v2\/categories?post=86015"},{"taxonomy":"post_tag","embeddable":true,"href":"https:\/\/www.locoxelrojo.com\/independiente\/wp-json\/wp\/v2\/tags?post=86015"}],"curies":[{"name":"wp","href":"https:\/\/api.w.org\/{rel}","templated":true}]}}