{"id":86050,"date":"2019-12-08T12:00:03","date_gmt":"2019-12-08T15:00:03","guid":{"rendered":"http:\/\/www.locoxelrojo.com\/independiente\/?p=86050"},"modified":"2019-12-07T13:44:34","modified_gmt":"2019-12-07T16:44:34","slug":"prestados-rojos-delorenzi-anuncio-su-regreso","status":"publish","type":"post","link":"https:\/\/www.locoxelrojo.com\/independiente\/2019\/12\/08\/prestados-rojos-delorenzi-anuncio-su-regreso\/","title":{"rendered":"Prestados Rojos: Delorenzi anunci\u00f3 su regreso"},"content":{"rendered":"<p><strong>Francisco Delorenzi<\/strong> public\u00f3 en sus redes que no seguir\u00e1 en Deportivo Cali tras haber estado un a\u00f1o a pr\u00e9stamo. El juvenil de 21 a\u00f1os, que buscar\u00e1 ganarse un lugar en el Rojo, disput\u00f3 28 partidos en el conjunto que dirige Lucas Pusineri.<\/p>\n<p>A fines de 2018, <strong>Delorenzi hab\u00eda firmado su primer contrato con Independiente por 18 meses e inmediatamente pas\u00f3 a pr\u00e9stamo por un a\u00f1o a Deportivo Cali. La cesi\u00f3n fue sin cargo y con una opci\u00f3n de compra de 700.000 d\u00f3lares<\/strong>. El posteo del juvenil permite inferir que el club cale\u00f1o no har\u00e1 uso de la opci\u00f3n.<\/p>\n<p>Con mayor continuidad en el primer semestre que en el segundo, <strong>Delorenzi disput\u00f3 28 partidos en el Verdiblanco: 23 por liga, 2 por Sudamericana y 3 por Copa Colombia<\/strong>. En la copa nacional, el defensor disput\u00f3 la vuelta de la final, en la que Deportivo Cali cay\u00f3 2-1 ante Independiente Medell\u00edn, que se consagr\u00f3 campe\u00f3n tras el 2-2 de la ida.<\/p>\n<p><strong>\u201cSe vienen cosas mejores, nuevos desaf\u00edos y proyectos, pero jam\u00e1s me voy a olvidar de que el primer paso fue con la verde puesta\u201d<\/strong>, culmina la publicaci\u00f3n de Delorenzi en Instagram. Seguramente tenga la esperanza de que esos nuevos desaf\u00edos sean con el Rojo, a cuyo entrenador conoce de las Divisiones Inferiores.<\/p>\n<blockquote class=\"instagram-media\" style=\"background: #FFF; border: 0; border-radius: 3px; box-shadow: 0 0 1px 0 rgba(0,0,0,0.5),0 1px 10px 0 rgba(0,0,0,0.15); margin: 1px; max-width: 540px; min-width: 326px; padding: 0; width: calc(100% - 2px);\" data-instgrm-captioned=\"\" data-instgrm-permalink=\"https:\/\/www.instagram.com\/p\/B5ptEWXnvSN\/?utm_source=ig_embed&amp;utm_campaign=loading\" data-instgrm-version=\"12\">\n<div style=\"padding: 16px;\">\n<p>&nbsp;<\/p>\n<div style=\"display: flex; flex-direction: row; align-items: center;\">\n<div style=\"background-color: #f4f4f4; border-radius: 50%; flex-grow: 0; height: 40px; margin-right: 14px; width: 40px;\"><\/div>\n<div style=\"display: flex; flex-direction: column; flex-grow: 1; justify-content: center;\">\n<div style=\"background-color: #f4f4f4; border-radius: 4px; flex-grow: 0; height: 14px; margin-bottom: 6px; width: 100px;\"><\/div>\n<div style=\"background-color: #f4f4f4; border-radius: 4px; flex-grow: 0; height: 14px; width: 60px;\"><\/div>\n<\/div>\n<\/div>\n<div style=\"padding: 19% 0;\"><\/div>\n<div style=\"display: block; height: 50px; margin: 0 auto 12px; width: 50px;\"><\/div>\n<div style=\"padding-top: 8px;\">\n<div style=\"color: #3897f0; font-family: Arial,sans-serif; font-size: 14px; font-style: normal; font-weight: 550; line-height: 18px;\">Ver esta publicaci\u00f3n en Instagram<\/div>\n<\/div>\n<div style=\"padding: 12.5% 0;\"><\/div>\n<div style=\"display: flex; flex-direction: row; margin-bottom: 14px; align-items: center;\">\n<div>\n<div style=\"background-color: #f4f4f4; border-radius: 50%; height: 12.5px; width: 12.5px; transform: translateX(0px) translateY(7px);\"><\/div>\n<div style=\"background-color: #f4f4f4; height: 12.5px; transform: rotate(-45deg) translateX(3px) translateY(1px); width: 12.5px; flex-grow: 0; margin-right: 14px; margin-left: 2px;\"><\/div>\n<div style=\"background-color: #f4f4f4; border-radius: 50%; height: 12.5px; width: 12.5px; transform: translateX(9px) translateY(-18px);\"><\/div>\n<\/div>\n<div style=\"margin-left: 8px;\">\n<div style=\"background-color: #f4f4f4; border-radius: 50%; flex-grow: 0; height: 20px; width: 20px;\"><\/div>\n<div style=\"width: 0; height: 0; border-top: 2px solid transparent; border-left: 6px solid #f4f4f4; border-bottom: 2px solid transparent; transform: translateX(16px) translateY(-4px) rotate(30deg);\"><\/div>\n<\/div>\n<div style=\"margin-left: auto;\">\n<div style=\"width: 0px; border-top: 8px solid #F4F4F4; border-right: 8px solid transparent; transform: translateY(16px);\"><\/div>\n<div style=\"background-color: #f4f4f4; flex-grow: 0; height: 12px; width: 16px; transform: translateY(-4px);\"><\/div>\n<div style=\"width: 0; height: 0; border-top: 8px solid #F4F4F4; border-left: 8px solid transparent; transform: translateY(-4px) translateX(8px);\"><\/div>\n<\/div>\n<\/div>\n<p>&nbsp;<\/p>\n<p style=\"margin: 8px 0 0 0; padding: 0 4px;\"><a style=\"color: #000; font-family: Arial,sans-serif; font-size: 14px; font-style: normal; font-weight: normal; line-height: 17px; text-decoration: none; word-wrap: break-word;\" href=\"https:\/\/www.instagram.com\/p\/B5ptEWXnvSN\/?utm_source=ig_embed&amp;utm_campaign=loading\" target=\"_blank\" rel=\"noopener\">Hoy toca despedirme del club , la ciudad y las personas que creyeron en mi cuando nadie m\u00e1s lo hizo. Quer\u00eda dar las gracias al @deportivocalioficial por haberme dado la posibilidad de arrancar mi carrera como profesional , de debutar , jugar torneos como Sudamerica , mi primer final , cl\u00e1sicos pero sobre todo por haberme echo vivir el a\u00f1o m\u00e1s productivo de mi vida , no solo por lo profesional si no por el crecimiento de poder estar bien , lejos de mis afectos , de mi gente . Con aciertos y errores , me despido del Cali con la mayor satisfacci\u00f3n mental de que en toda circunstancia di lo mejor para la instituci\u00f3n y mis compa\u00f1eros de trabajo , a los cuales estoy infinitamente agradecido c\u00f3mo a las personas que me hicieron sentir como en casa aunque no lo estuviese . Se vienen cosas mejores , nuevos desaf\u00edos y proyectos pero jam\u00e1s me voy a olvidar de que el primer paso fue con la verde puesta ! &#x1f44b;&#x1f3fc;&#x1f49a;<\/a><\/p>\n<p style=\"color: #c9c8cd; font-family: Arial,sans-serif; font-size: 14px; line-height: 17px; margin-bottom: 0; margin-top: 8px; overflow: hidden; padding: 8px 0 7px; text-align: center; text-overflow: ellipsis; white-space: nowrap;\">Una publicaci\u00f3n compartida de <a style=\"color: #c9c8cd; font-family: Arial,sans-serif; font-size: 14px; font-style: normal; font-weight: normal; line-height: 17px;\" href=\"https:\/\/www.instagram.com\/delorenzifraan\/?utm_source=ig_embed&amp;utm_campaign=loading\" target=\"_blank\" rel=\"noopener\"> Fraan Delorenzi<\/a> (@delorenzifraan) el <time style=\"font-family: Arial,sans-serif; font-size: 14px; line-height: 17px;\" datetime=\"2019-12-04T13:08:23+00:00\">4 Dic, 2019 a las 5:08 PST<\/time><\/p>\n<\/div>\n<\/blockquote>\n<p><script async src=\"\/\/www.instagram.com\/embed.js\"><\/script><\/p>\n","protected":false},"excerpt":{"rendered":"<p>Francisco Delorenzi public\u00f3 en sus redes que no seguir\u00e1 en Deportivo Cali tras haber estado un a\u00f1o a pr\u00e9stamo. El juvenil de 21 a\u00f1os, que buscar\u00e1 ganarse un lugar en el Rojo, disput\u00f3 28 partidos en el conjunto que dirige Lucas Pusineri. A fines de 2018, Delorenzi hab\u00eda firmado su primer contrato con Independiente por [&hellip;]<\/p>\n","protected":false},"author":101016,"featured_media":86051,"comment_status":"open","ping_status":"closed","sticky":false,"template":"","format":"standard","meta":{"_links_to":"","_links_to_target":""},"categories":[3297,3247],"tags":[153,1940,4106,3298],"_links":{"self":[{"href":"https:\/\/www.locoxelrojo.com\/independiente\/wp-json\/wp\/v2\/posts\/86050"}],"collection":[{"href":"https:\/\/www.locoxelrojo.com\/independiente\/wp-json\/wp\/v2\/posts"}],"about":[{"href":"https:\/\/www.locoxelrojo.com\/independiente\/wp-json\/wp\/v2\/types\/post"}],"author":[{"embeddable":true,"href":"https:\/\/www.locoxelrojo.com\/independiente\/wp-json\/wp\/v2\/users\/101016"}],"replies":[{"embeddable":true,"href":"https:\/\/www.locoxelrojo.com\/independiente\/wp-json\/wp\/v2\/comments?post=86050"}],"version-history":[{"count":0,"href":"https:\/\/www.locoxelrojo.com\/independiente\/wp-json\/wp\/v2\/posts\/86050\/revisions"}],"wp:featuredmedia":[{"embeddable":true,"href":"https:\/\/www.locoxelrojo.com\/independiente\/wp-json\/wp\/v2\/media\/86051"}],"wp:attachment":[{"href":"https:\/\/www.locoxelrojo.com\/independiente\/wp-json\/wp\/v2\/media?parent=86050"}],"wp:term":[{"taxonomy":"category","embeddable":true,"href":"https:\/\/www.locoxelrojo.com\/independiente\/wp-json\/wp\/v2\/categories?post=86050"},{"taxonomy":"post_tag","embeddable":true,"href":"https:\/\/www.locoxelrojo.com\/independiente\/wp-json\/wp\/v2\/tags?post=86050"}],"curies":[{"name":"wp","href":"https:\/\/api.w.org\/{rel}","templated":true}]}}