{"id":86077,"date":"2019-12-11T15:10:36","date_gmt":"2019-12-11T18:10:36","guid":{"rendered":"http:\/\/www.locoxelrojo.com\/independiente\/?p=86077"},"modified":"2019-12-11T15:10:36","modified_gmt":"2019-12-11T18:10:36","slug":"un-solo-cambio-para-cerrar-el-ano","status":"publish","type":"post","link":"https:\/\/www.locoxelrojo.com\/independiente\/2019\/12\/11\/un-solo-cambio-para-cerrar-el-ano\/","title":{"rendered":"\u00bfUn solo cambio para cerrar el a\u00f1o?"},"content":{"rendered":"<p>Independiente tuvo el ante\u00faltimo entrenamiento del 2019 este mi\u00e9rcoles por la ma\u00f1ana en el predio de Villa Dom\u00ednico. <strong>Fernando Ber\u00f3n prob\u00f3 un equipo con un cambio respecto del partido del viernes pasado<\/strong>.<\/p>\n<p>Bajo un clima hostil por los problemas econ\u00f3micos del club y las promesas de pago de sueldos, sumado a la incertidumbre del DT por su continuidad, el plantel del Rojo volvi\u00f3 a trabajar hoy.<\/p>\n<p>All\u00ed se llevaron a cabo <strong>trabajos t\u00e1cticos, ejercicios de precisi\u00f3n y posesi\u00f3n de pelota y pelota parada<\/strong>. <strong>Quienes se movieron de manera diferenciada fueron Andr\u00e9s Roa<\/strong> -distensi\u00f3n del recto anterior-, <strong>Pablo Hern\u00e1ndez<\/strong> -rehabilit\u00e1ndose de la rotura de ligamentos- <strong>y Gast\u00f3n Silva<\/strong> -sobrecarga muscular en un gemelo-.<\/p>\n<p>Precisamente el defensor uruguayo no podr\u00e1 estar el viernes ante la Lepra y por ah\u00ed pasar\u00e1 el \u00fanico cambio. <strong>Su lugar ser\u00e1 ocupado por Juan S\u00e1nchez Mi\u00f1o<\/strong>. Y el resto, en principio, ser\u00e1n los mismos jugadores que perdieron contra el Taladro.<\/p>\n<p>Pasando en limpio, los once que cerrar\u00e1n el a\u00f1o para Independiente ser\u00edan: <strong>Mart\u00edn Campa\u00f1a; Fabricio Bustos, Alan Franco, Nicol\u00e1s Figal, S\u00e1nchez Mi\u00f1o; Pablo P\u00e9rez, Lucas Romero; Domingo Blanco, Mart\u00edn Ben\u00edtez, Cecilio Dom\u00ednguez; Silvio Romero<\/strong>.<\/p>\n","protected":false},"excerpt":{"rendered":"<p>Independiente tuvo el ante\u00faltimo entrenamiento del 2019 este mi\u00e9rcoles por la ma\u00f1ana en el predio de Villa Dom\u00ednico. Fernando Ber\u00f3n prob\u00f3 un equipo con un cambio respecto del partido del viernes pasado. Bajo un clima hostil por los problemas econ\u00f3micos del club y las promesas de pago de sueldos, sumado a la incertidumbre del DT [&hellip;]<\/p>\n","protected":false},"author":19,"featured_media":86078,"comment_status":"open","ping_status":"closed","sticky":false,"template":"","format":"standard","meta":{"_links_to":"","_links_to_target":""},"categories":[3247,3],"tags":[4267,153,26,2862,3557,2106,1683],"_links":{"self":[{"href":"https:\/\/www.locoxelrojo.com\/independiente\/wp-json\/wp\/v2\/posts\/86077"}],"collection":[{"href":"https:\/\/www.locoxelrojo.com\/independiente\/wp-json\/wp\/v2\/posts"}],"about":[{"href":"https:\/\/www.locoxelrojo.com\/independiente\/wp-json\/wp\/v2\/types\/post"}],"author":[{"embeddable":true,"href":"https:\/\/www.locoxelrojo.com\/independiente\/wp-json\/wp\/v2\/users\/19"}],"replies":[{"embeddable":true,"href":"https:\/\/www.locoxelrojo.com\/independiente\/wp-json\/wp\/v2\/comments?post=86077"}],"version-history":[{"count":0,"href":"https:\/\/www.locoxelrojo.com\/independiente\/wp-json\/wp\/v2\/posts\/86077\/revisions"}],"wp:featuredmedia":[{"embeddable":true,"href":"https:\/\/www.locoxelrojo.com\/independiente\/wp-json\/wp\/v2\/media\/86078"}],"wp:attachment":[{"href":"https:\/\/www.locoxelrojo.com\/independiente\/wp-json\/wp\/v2\/media?parent=86077"}],"wp:term":[{"taxonomy":"category","embeddable":true,"href":"https:\/\/www.locoxelrojo.com\/independiente\/wp-json\/wp\/v2\/categories?post=86077"},{"taxonomy":"post_tag","embeddable":true,"href":"https:\/\/www.locoxelrojo.com\/independiente\/wp-json\/wp\/v2\/tags?post=86077"}],"curies":[{"name":"wp","href":"https:\/\/api.w.org\/{rel}","templated":true}]}}