{"id":86168,"date":"2019-12-20T20:02:39","date_gmt":"2019-12-20T23:02:39","guid":{"rendered":"http:\/\/www.locoxelrojo.com\/independiente\/?p=86168"},"modified":"2019-12-21T23:23:22","modified_gmt":"2019-12-22T02:23:22","slug":"los-numeros-de-2019-poco-lugar-para-los-juveniles","status":"publish","type":"post","link":"https:\/\/www.locoxelrojo.com\/independiente\/2019\/12\/20\/los-numeros-de-2019-poco-lugar-para-los-juveniles\/","title":{"rendered":"Los n\u00fameros de 2019: poco lugar para los juveniles"},"content":{"rendered":"<p><strong>En este \u00faltimo a\u00f1o se le brindaron pocas oportunidades a los jugadores provenientes de la cantera del Rojo. Pocos los que llegaron a disputar algunos encuentros con el primer equipo.<\/strong><\/p>\n<p><strong>Alan So\u00f1ora (21 a\u00f1os):<\/strong> el joven mediocampista debut\u00f3 en la primera de Independiente cuando Sebasti\u00e1n Beccacece lo mand\u00f3 a la cancha en el segundo tiempo en la victoria 1-0 ante Defensa y Justicia, por los Octavos de Final de la Copa Argentina. Tan solo esos 24 minutos fueron los disputados por el volante en este a\u00f1o.<\/p>\n<p><strong>Diego Mercado (22 a\u00f1os):<\/strong> si bien el volante central ya hab\u00eda debutado con Ariel Holan en 2018, en este \u00faltimo semestre jug\u00f3 su segundo partido oficial en Primera Divisi\u00f3n, cuando Fernando Ber\u00f3n lo puso sobre el final del encuentro en la victoria 2-1 como visitante ante Godoy Cruz, por la fecha 13 de la Superliga. Esos fueron los \u00fanicos minutos que tuvo.<\/p>\n<p><strong>Lucas Gonz\u00e1lez (19 a\u00f1os):<\/strong> nuevamente un volante surgido de las Inferiores pudo ver algo de acci\u00f3n con el primer equipo. Beccacece mand\u00f3 al juvenil a la cancha en el segundo tiempo de la victoria 1-0 ante Universidad Cat\u00f3lica, por el encuentro de ida de los Octavos de Final de la Copa Sudamericana. 15 minutos de juego para Lucas.<\/p>\n<p><strong>Alan Velasco (17 a\u00f1os):<\/strong> el juvenil que m\u00e1s rodaje tuvo en este a\u00f1o. El delantero disput\u00f3 4 cotejos con el Rojo entre Superliga, Copa Argentina y Copa Sudamericana, donde sum\u00f3 88 minutos en total y no logr\u00f3 anotar ni asistir. Su debut fue con Ariel Holan ante Rionegro \u00c1guilas Doradas, en el triunfo 2-0 por la vuelta de la Segunda Ronda de la Copa Sudamericana.<\/p>\n<p><strong>Tan solo 3 debuts y un segundo partido fueron el panorama para los jugadores de las divisiones inferiores de Independiente en este 2019.<\/strong> A\u00f1o pobre en esa materia, con mucho para mejorar de cara 2020, quiz\u00e1s con <a href=\"https:\/\/www.locoxelrojo.com\/independiente\/2019\/12\/20\/continuidad-acordada\/\">la vuelta de Fernando Ber\u00f3n como Coordinador de Inferiores<\/a>.<\/p>\n","protected":false},"excerpt":{"rendered":"<p>En este \u00faltimo a\u00f1o se le brindaron pocas oportunidades a los jugadores provenientes de la cantera del Rojo. Pocos los que llegaron a disputar algunos encuentros con el primer equipo. Alan So\u00f1ora (21 a\u00f1os): el joven mediocampista debut\u00f3 en la primera de Independiente cuando Sebasti\u00e1n Beccacece lo mand\u00f3 a la cancha en el segundo tiempo [&hellip;]<\/p>\n","protected":false},"author":101017,"featured_media":85107,"comment_status":"open","ping_status":"closed","sticky":false,"template":"","format":"standard","meta":{"_links_to":"","_links_to_target":""},"categories":[3247,3],"tags":[4121,3560,153,3381,4179],"_links":{"self":[{"href":"https:\/\/www.locoxelrojo.com\/independiente\/wp-json\/wp\/v2\/posts\/86168"}],"collection":[{"href":"https:\/\/www.locoxelrojo.com\/independiente\/wp-json\/wp\/v2\/posts"}],"about":[{"href":"https:\/\/www.locoxelrojo.com\/independiente\/wp-json\/wp\/v2\/types\/post"}],"author":[{"embeddable":true,"href":"https:\/\/www.locoxelrojo.com\/independiente\/wp-json\/wp\/v2\/users\/101017"}],"replies":[{"embeddable":true,"href":"https:\/\/www.locoxelrojo.com\/independiente\/wp-json\/wp\/v2\/comments?post=86168"}],"version-history":[{"count":0,"href":"https:\/\/www.locoxelrojo.com\/independiente\/wp-json\/wp\/v2\/posts\/86168\/revisions"}],"wp:featuredmedia":[{"embeddable":true,"href":"https:\/\/www.locoxelrojo.com\/independiente\/wp-json\/wp\/v2\/media\/85107"}],"wp:attachment":[{"href":"https:\/\/www.locoxelrojo.com\/independiente\/wp-json\/wp\/v2\/media?parent=86168"}],"wp:term":[{"taxonomy":"category","embeddable":true,"href":"https:\/\/www.locoxelrojo.com\/independiente\/wp-json\/wp\/v2\/categories?post=86168"},{"taxonomy":"post_tag","embeddable":true,"href":"https:\/\/www.locoxelrojo.com\/independiente\/wp-json\/wp\/v2\/tags?post=86168"}],"curies":[{"name":"wp","href":"https:\/\/api.w.org\/{rel}","templated":true}]}}