{"id":86199,"date":"2019-12-24T14:39:04","date_gmt":"2019-12-24T17:39:04","guid":{"rendered":"http:\/\/www.locoxelrojo.com\/independiente\/?p=86199"},"modified":"2019-12-24T14:39:04","modified_gmt":"2019-12-24T17:39:04","slug":"prestados-rojos-albertengo-encontro-continuidad-en-newells","status":"publish","type":"post","link":"https:\/\/www.locoxelrojo.com\/independiente\/2019\/12\/24\/prestados-rojos-albertengo-encontro-continuidad-en-newells\/","title":{"rendered":"Prestados Rojos: Albertengo encontr\u00f3 continuidad en Newell&#8217;s"},"content":{"rendered":"<p><strong>Lucas Albertengo fue cedido en julio a Newell\u2019s, luego de que Sebasti\u00e1n Beccacece le anunciara que no ser\u00eda prioridad en ataque. En su tercer pr\u00e9stamo desde que es jugador de Independiente (Monterrey de M\u00e9xico y Estudiantes de la Plata), el delantero lleva convertidos tres goles.<\/strong><\/p>\n<p>El Flaco es parte importante del Newell\u2019s de Frank Kudelka, ya que <strong>de los 16 partidos que ha disputado el conjunto rosarino por Superliga, ha participado en todos<\/strong>. En 13 ocasiones fue titular y en los tres partidos restantes ingres\u00f3 desde el banco, sumando as\u00ed un total de <strong>1.187 minutos en cancha<\/strong>.<\/p>\n<p>Con su movilidad y esfuerzo caracter\u00edstico, Albertengo aporta en la din\u00e1mica que intenta plasmar en la cancha su equipo actual. Adem\u00e1s, <strong>en las tres ocasiones en que marc\u00f3 (a Patronato, Uni\u00f3n y Central C\u00f3rdoba), Newell\u2019s obtuvo los tres puntos<\/strong>, cruciales en su lucha por permanecer en Primera Divisi\u00f3n.<\/p>\n<p>La cesi\u00f3n fue por un a\u00f1o, por lo que <strong>el delantero deber\u00eda volver a Independiente a mitad de 2020<\/strong>. A su vez, Newell\u2019s tiene la posibilidad de adquirir el 50% de la ficha del delantero por 1.500.000 d\u00f3lares cuando finalice la misma. <strong>El contrato de Albertengo con el Rojo culmina a fines de 2020<\/strong>.<\/p>\n","protected":false},"excerpt":{"rendered":"<p>Lucas Albertengo fue cedido en julio a Newell\u2019s, luego de que Sebasti\u00e1n Beccacece le anunciara que no ser\u00eda prioridad en ataque. En su tercer pr\u00e9stamo desde que es jugador de Independiente (Monterrey de M\u00e9xico y Estudiantes de la Plata), el delantero lleva convertidos tres goles. El Flaco es parte importante del Newell\u2019s de Frank Kudelka, [&hellip;]<\/p>\n","protected":false},"author":101016,"featured_media":86200,"comment_status":"open","ping_status":"closed","sticky":false,"template":"","format":"standard","meta":{"_links_to":"","_links_to_target":""},"categories":[3297,3247],"tags":[2839,183,3298],"_links":{"self":[{"href":"https:\/\/www.locoxelrojo.com\/independiente\/wp-json\/wp\/v2\/posts\/86199"}],"collection":[{"href":"https:\/\/www.locoxelrojo.com\/independiente\/wp-json\/wp\/v2\/posts"}],"about":[{"href":"https:\/\/www.locoxelrojo.com\/independiente\/wp-json\/wp\/v2\/types\/post"}],"author":[{"embeddable":true,"href":"https:\/\/www.locoxelrojo.com\/independiente\/wp-json\/wp\/v2\/users\/101016"}],"replies":[{"embeddable":true,"href":"https:\/\/www.locoxelrojo.com\/independiente\/wp-json\/wp\/v2\/comments?post=86199"}],"version-history":[{"count":0,"href":"https:\/\/www.locoxelrojo.com\/independiente\/wp-json\/wp\/v2\/posts\/86199\/revisions"}],"wp:featuredmedia":[{"embeddable":true,"href":"https:\/\/www.locoxelrojo.com\/independiente\/wp-json\/wp\/v2\/media\/86200"}],"wp:attachment":[{"href":"https:\/\/www.locoxelrojo.com\/independiente\/wp-json\/wp\/v2\/media?parent=86199"}],"wp:term":[{"taxonomy":"category","embeddable":true,"href":"https:\/\/www.locoxelrojo.com\/independiente\/wp-json\/wp\/v2\/categories?post=86199"},{"taxonomy":"post_tag","embeddable":true,"href":"https:\/\/www.locoxelrojo.com\/independiente\/wp-json\/wp\/v2\/tags?post=86199"}],"curies":[{"name":"wp","href":"https:\/\/api.w.org\/{rel}","templated":true}]}}