{"id":86339,"date":"2020-01-08T22:12:48","date_gmt":"2020-01-09T01:12:48","guid":{"rendered":"http:\/\/www.locoxelrojo.com\/independiente\/?p=86339"},"modified":"2020-01-08T23:23:17","modified_gmt":"2020-01-09T02:23:17","slug":"tension-entre-afa-y-superliga-se-posterga-el-arranque-del-torneo","status":"publish","type":"post","link":"https:\/\/www.locoxelrojo.com\/independiente\/2020\/01\/08\/tension-entre-afa-y-superliga-se-posterga-el-arranque-del-torneo\/","title":{"rendered":"Tensi\u00f3n entre AFA y Superliga: \u00bfse posterga el arranque del torneo?"},"content":{"rendered":"<p><strong>Dirigentes de distintos clubes de Primera, entre ellos Independiente, piden postergar la reanudaci\u00f3n del campeonato. Amparados por AFA, publicaron un duro comunicado contra la Superliga.<\/strong><\/p>\n<p>Cada vez hay m\u00e1s tensi\u00f3n entre la Asociaci\u00f3n del F\u00fatbol Argentino y la Superliga Argentina de F\u00fatbol. Los dirigentes entraron en conflicto con los organizadores del torneo local<strong> por el calendario ajustado<\/strong> que deber\u00e1n afrontar los clubes en la segunda mitad del campeonato, <strong>por la ausencia de futbolistas<\/strong> convocados a la Selecci\u00f3n para jugar el Preol\u00edmpico de Colombia y porque <strong>no est\u00e1n de acuerdo con el reparto del dinero<\/strong> de la televisaci\u00f3n.<\/p>\n<p>Fue as\u00ed como las autoridades firmaron un comunicado con el aval de AFA para pronunciarse contra el desmanejo de Superliga.<strong> &#8220;Corresponde expresar la profunda preocupaci\u00f3n respecto a la actitud de la SAF de no consensuar el calendario de partidos, teniendo en cuenta los compromisos internacionales de nuestra selecci\u00f3n nacional&#8221;<\/strong>, reza el escrito, que se\u00f1ala <strong>&#8220;un evidente desinter\u00e9s y desapego a lo que significa nuestra selecci\u00f3n&#8221;<\/strong>, a la vez que\u00a0<strong>&#8220;representa una complicaci\u00f3n para los clubes que deban ceder jugadores&#8221;<\/strong>. Finalmente, acusan que\u00a0<strong>&#8220;la SAF no tiene como objetivo la defensa de los intereses del f\u00fatbol argentino&#8221;<\/strong>.<\/p>\n<p>En medio de este clima tan caldeado, el presidente del Rojo, <strong>Hugo Moyano, se junt\u00f3 en la Bombonera con Jorge Ameal<\/strong>, titular de Boca. Obviamente se abri\u00f3 un mar de especulaciones relacionadas al mercado de pases, pero el principal motivo de la reuni\u00f3n fue el conflicto con Superliga. Los dirigentes coincidieron en su postura: no comenzar el torneo por todas estas irregularidades.<\/p>\n<p><strong>&#8220;Tenemos que hablar de contratos, de televisi\u00f3n, de por qu\u00e9 jugamos a las 9 y media de la noche, en contra de nuestro p\u00fablico&#8230; Tenemos que ordenar todo&#8221;<\/strong>, dej\u00f3 entrever Ameal sobre la charla con Moyano, y agreg\u00f3: <strong>&#8220;Estamos de acuerdo con la postura de AFA de postergar las primeras fechas. Hagamos cosas le sirvan al f\u00fatbol argentino y que nos sirvan a los equipos que competimos. Se plantea por un tema de orden y de respeto. Apoyamos a todos los seleccionados pero queremos que respeten a nuestros jugadores. Este doble comando de AFA-Superliga no es serio&#8221;<\/strong>.<\/p>\n<h3>El comunicado de AFA contra Superliga<\/h3>\n<p><a href=\"https:\/\/www.locoxelrojo.com\/independiente\/2020\/01\/08\/tension-entre-afa-y-superliga-se-posterga-el-arranque-del-torneo\/comunicado-afa\/\" rel=\"attachment wp-att-86340\"><img loading=\"lazy\" class=\"alignnone size-large wp-image-86340\" src=\"https:\/\/www.locoxelrojo.com\/independiente\/wp-content\/uploads\/2020\/01\/Comunicado-AFA-724x1024.jpg\" alt=\"\" width=\"696\" height=\"984\" srcset=\"https:\/\/locoxelrojo.com\/independiente\/wp-content\/uploads\/2020\/01\/Comunicado-AFA-724x1024.jpg 724w, https:\/\/locoxelrojo.com\/independiente\/wp-content\/uploads\/2020\/01\/Comunicado-AFA-212x300.jpg 212w, https:\/\/locoxelrojo.com\/independiente\/wp-content\/uploads\/2020\/01\/Comunicado-AFA-768x1087.jpg 768w, https:\/\/locoxelrojo.com\/independiente\/wp-content\/uploads\/2020\/01\/Comunicado-AFA-696x985.jpg 696w, https:\/\/locoxelrojo.com\/independiente\/wp-content\/uploads\/2020\/01\/Comunicado-AFA-1068x1512.jpg 1068w, https:\/\/locoxelrojo.com\/independiente\/wp-content\/uploads\/2020\/01\/Comunicado-AFA-297x420.jpg 297w, https:\/\/locoxelrojo.com\/independiente\/wp-content\/uploads\/2020\/01\/Comunicado-AFA-90x128.jpg 90w, https:\/\/locoxelrojo.com\/independiente\/wp-content\/uploads\/2020\/01\/Comunicado-AFA-23x32.jpg 23w, https:\/\/locoxelrojo.com\/independiente\/wp-content\/uploads\/2020\/01\/Comunicado-AFA.jpg 1240w\" sizes=\"(max-width: 696px) 100vw, 696px\" \/><\/a><\/p>\n","protected":false},"excerpt":{"rendered":"<p>Dirigentes de distintos clubes de Primera, entre ellos Independiente, piden postergar la reanudaci\u00f3n del campeonato. Amparados por AFA, publicaron un duro comunicado contra la Superliga. Cada vez hay m\u00e1s tensi\u00f3n entre la Asociaci\u00f3n del F\u00fatbol Argentino y la Superliga Argentina de F\u00fatbol. Los dirigentes entraron en conflicto con los organizadores del torneo local por el [&hellip;]<\/p>\n","protected":false},"author":8,"featured_media":86341,"comment_status":"open","ping_status":"closed","sticky":false,"template":"","format":"standard","meta":{"_links_to":"","_links_to_target":""},"categories":[3280,3247],"tags":[218,376,153,140,4465,3217,4195],"_links":{"self":[{"href":"https:\/\/www.locoxelrojo.com\/independiente\/wp-json\/wp\/v2\/posts\/86339"}],"collection":[{"href":"https:\/\/www.locoxelrojo.com\/independiente\/wp-json\/wp\/v2\/posts"}],"about":[{"href":"https:\/\/www.locoxelrojo.com\/independiente\/wp-json\/wp\/v2\/types\/post"}],"author":[{"embeddable":true,"href":"https:\/\/www.locoxelrojo.com\/independiente\/wp-json\/wp\/v2\/users\/8"}],"replies":[{"embeddable":true,"href":"https:\/\/www.locoxelrojo.com\/independiente\/wp-json\/wp\/v2\/comments?post=86339"}],"version-history":[{"count":1,"href":"https:\/\/www.locoxelrojo.com\/independiente\/wp-json\/wp\/v2\/posts\/86339\/revisions"}],"predecessor-version":[{"id":86342,"href":"https:\/\/www.locoxelrojo.com\/independiente\/wp-json\/wp\/v2\/posts\/86339\/revisions\/86342"}],"wp:featuredmedia":[{"embeddable":true,"href":"https:\/\/www.locoxelrojo.com\/independiente\/wp-json\/wp\/v2\/media\/86341"}],"wp:attachment":[{"href":"https:\/\/www.locoxelrojo.com\/independiente\/wp-json\/wp\/v2\/media?parent=86339"}],"wp:term":[{"taxonomy":"category","embeddable":true,"href":"https:\/\/www.locoxelrojo.com\/independiente\/wp-json\/wp\/v2\/categories?post=86339"},{"taxonomy":"post_tag","embeddable":true,"href":"https:\/\/www.locoxelrojo.com\/independiente\/wp-json\/wp\/v2\/tags?post=86339"}],"curies":[{"name":"wp","href":"https:\/\/api.w.org\/{rel}","templated":true}]}}