{"id":86354,"date":"2020-01-09T19:40:08","date_gmt":"2020-01-09T22:40:08","guid":{"rendered":"http:\/\/www.locoxelrojo.com\/independiente\/?p=86354"},"modified":"2020-01-09T19:41:55","modified_gmt":"2020-01-09T22:41:55","slug":"pusineri-cara-a-cara-con-la-reserva","status":"publish","type":"post","link":"https:\/\/www.locoxelrojo.com\/independiente\/2020\/01\/09\/pusineri-cara-a-cara-con-la-reserva\/","title":{"rendered":"Pusineri, cara a cara con la Reserva"},"content":{"rendered":"<p><strong>Lucas Pusineri presenci\u00f3 el entrenamiento de la Reserva y tuvo un encuentro con los chicos.<\/strong><\/p>\n<p>En medio de un mercado de pases tan austero,<strong> el t\u00e9cnico de Independiente empieza a seguir de cerca a los juveniles<\/strong> para rescatar alg\u00fan valor que pueda potenciar para subir al plantel de Primera. Una muestra clara de esto fue su presencia en la pr\u00e1ctica del equipo de Marcelo G\u00f3mez.<\/p>\n<p>Pusineri observ\u00f3 el entrenamiento de la Reserva en Villa Dom\u00ednico y se acerc\u00f3 a charlar con los juveniles del club, que comenzaron la pretemporada esta semana. El entrenador <strong>les dej\u00f3 un mensaje motivacional<\/strong> de cara al comienzo de un nuevo a\u00f1o futbol\u00edstico.<\/p>\n<blockquote class=\"twitter-tweet\">\n<p dir=\"ltr\" lang=\"es\">Observando todo &#x1f5d2;&#x270d;&#x1f3fb;<\/p>\n<p>Lucas Pusineri estuvo en el entrenamiento de Reserva y charl\u00f3 con los juveniles del club. El entrenador les dej\u00f3 un mensaje motivacional de cara al comienzo de la temporada. &#x1f4aa;&#x1f3fb;<a href=\"https:\/\/twitter.com\/hashtag\/TodoRojo?src=hash&amp;ref_src=twsrc%5Etfw\">#TodoRojo<\/a>&#x1f534; <a href=\"https:\/\/t.co\/f9NAaBqZ4b\">pic.twitter.com\/f9NAaBqZ4b<\/a><\/p>\n<p>\u2014 C. A. Independiente (@Independiente) <a href=\"https:\/\/twitter.com\/Independiente\/status\/1215316967000825856?ref_src=twsrc%5Etfw\">January 9, 2020<\/a><\/p><\/blockquote>\n<p><script async src=\"https:\/\/platform.twitter.com\/widgets.js\" charset=\"utf-8\"><\/script><\/p>\n","protected":false},"excerpt":{"rendered":"<p>Lucas Pusineri presenci\u00f3 el entrenamiento de la Reserva y tuvo un encuentro con los chicos. En medio de un mercado de pases tan austero, el t\u00e9cnico de Independiente empieza a seguir de cerca a los juveniles para rescatar alg\u00fan valor que pueda potenciar para subir al plantel de Primera. Una muestra clara de esto fue [&hellip;]<\/p>\n","protected":false},"author":8,"featured_media":86355,"comment_status":"open","ping_status":"closed","sticky":false,"template":"","format":"standard","meta":{"_links_to":"","_links_to_target":""},"categories":[3247,141],"tags":[145,231],"_links":{"self":[{"href":"https:\/\/www.locoxelrojo.com\/independiente\/wp-json\/wp\/v2\/posts\/86354"}],"collection":[{"href":"https:\/\/www.locoxelrojo.com\/independiente\/wp-json\/wp\/v2\/posts"}],"about":[{"href":"https:\/\/www.locoxelrojo.com\/independiente\/wp-json\/wp\/v2\/types\/post"}],"author":[{"embeddable":true,"href":"https:\/\/www.locoxelrojo.com\/independiente\/wp-json\/wp\/v2\/users\/8"}],"replies":[{"embeddable":true,"href":"https:\/\/www.locoxelrojo.com\/independiente\/wp-json\/wp\/v2\/comments?post=86354"}],"version-history":[{"count":0,"href":"https:\/\/www.locoxelrojo.com\/independiente\/wp-json\/wp\/v2\/posts\/86354\/revisions"}],"wp:featuredmedia":[{"embeddable":true,"href":"https:\/\/www.locoxelrojo.com\/independiente\/wp-json\/wp\/v2\/media\/86355"}],"wp:attachment":[{"href":"https:\/\/www.locoxelrojo.com\/independiente\/wp-json\/wp\/v2\/media?parent=86354"}],"wp:term":[{"taxonomy":"category","embeddable":true,"href":"https:\/\/www.locoxelrojo.com\/independiente\/wp-json\/wp\/v2\/categories?post=86354"},{"taxonomy":"post_tag","embeddable":true,"href":"https:\/\/www.locoxelrojo.com\/independiente\/wp-json\/wp\/v2\/tags?post=86354"}],"curies":[{"name":"wp","href":"https:\/\/api.w.org\/{rel}","templated":true}]}}