{"id":86456,"date":"2020-01-18T13:48:38","date_gmt":"2020-01-18T16:48:38","guid":{"rendered":"http:\/\/www.locoxelrojo.com\/independiente\/?p=86456"},"modified":"2020-01-25T18:20:05","modified_gmt":"2020-01-25T21:20:05","slug":"la-primera-lista-de-concentrados-de-pusineri","status":"publish","type":"post","link":"https:\/\/www.locoxelrojo.com\/independiente\/2020\/01\/18\/la-primera-lista-de-concentrados-de-pusineri\/","title":{"rendered":"La primera lista de concentrados de Pusineri"},"content":{"rendered":"<p><strong>Lucas Pusineri entreg\u00f3 su primera lista de concentrados. Eligi\u00f3 a 18 futbolistas para recibir a River, por lo que ninguno quedar\u00e1 afuera de la planilla.<\/strong><\/p>\n<p>Este s\u00e1bado por la tarde, el t\u00e9cnico confirm\u00f3 la n\u00f3mina para jugar el partido pendiente de la 14\u00aa fecha de la Superliga. La novedad es <strong>la presencia de Leandro Fern\u00e1ndez<\/strong>, quien volvi\u00f3 de su pr\u00e9stamo en V\u00e9lez, se gan\u00f3 un lugar enseguida y ser\u00e1 titular en Avellaneda.<\/p>\n<p>En la lista <strong>ya no aparece Nicol\u00e1s Figal<\/strong>, quien se despidi\u00f3 de sus compa\u00f1eros para emigrar al Inter de Miami. <strong>Tampoco est\u00e1 Cristian Ch\u00e1vez<\/strong>, lesionado durante la semana.<\/p>\n<p>Por su parte, <strong>Diego Mercado y Brian Mart\u00ednez son los juveniles que aparecen como alternativa<\/strong> para el mediocampo y el ataque.<\/p>\n<h3>Los 18 convocados ante River<\/h3>\n<div><strong>Arqueros:<\/strong> Mart\u00edn Campa\u00f1a y Milton \u00c1lvarez.<\/div>\n<div><\/div>\n<div><strong>Defensores:<\/strong> Alan Franco, Juan S\u00e1nchez Mi\u00f1o, Fabricio Bustos, Gast\u00f3n Silva y Alexander Barboza.<\/div>\n<div><\/div>\n<div><strong>Volantes:<\/strong> Andr\u00e9s Roa, Pablo P\u00e9rez, Lucas Romero, Domingo Blanco y Diego Mercado.<\/div>\n<div><\/div>\n<div><strong>Delanteros:<\/strong> Mart\u00edn Ben\u00edtez, Cecilio Dom\u00ednguez, Silvio Romero, Leandro Fern\u00e1ndez, Sebasti\u00e1n Palacios y Brian Mart\u00ednez.<\/div>\n","protected":false},"excerpt":{"rendered":"<p>Lucas Pusineri entreg\u00f3 su primera lista de concentrados. Eligi\u00f3 a 18 futbolistas para recibir a River, por lo que ninguno quedar\u00e1 afuera de la planilla. Este s\u00e1bado por la tarde, el t\u00e9cnico confirm\u00f3 la n\u00f3mina para jugar el partido pendiente de la 14\u00aa fecha de la Superliga. La novedad es la presencia de Leandro Fern\u00e1ndez, [&hellip;]<\/p>\n","protected":false},"author":8,"featured_media":86276,"comment_status":"open","ping_status":"closed","sticky":false,"template":"","format":"standard","meta":{"_links_to":"","_links_to_target":""},"categories":[3247,3],"tags":[153,2024,2786,145],"_links":{"self":[{"href":"https:\/\/www.locoxelrojo.com\/independiente\/wp-json\/wp\/v2\/posts\/86456"}],"collection":[{"href":"https:\/\/www.locoxelrojo.com\/independiente\/wp-json\/wp\/v2\/posts"}],"about":[{"href":"https:\/\/www.locoxelrojo.com\/independiente\/wp-json\/wp\/v2\/types\/post"}],"author":[{"embeddable":true,"href":"https:\/\/www.locoxelrojo.com\/independiente\/wp-json\/wp\/v2\/users\/8"}],"replies":[{"embeddable":true,"href":"https:\/\/www.locoxelrojo.com\/independiente\/wp-json\/wp\/v2\/comments?post=86456"}],"version-history":[{"count":0,"href":"https:\/\/www.locoxelrojo.com\/independiente\/wp-json\/wp\/v2\/posts\/86456\/revisions"}],"wp:featuredmedia":[{"embeddable":true,"href":"https:\/\/www.locoxelrojo.com\/independiente\/wp-json\/wp\/v2\/media\/86276"}],"wp:attachment":[{"href":"https:\/\/www.locoxelrojo.com\/independiente\/wp-json\/wp\/v2\/media?parent=86456"}],"wp:term":[{"taxonomy":"category","embeddable":true,"href":"https:\/\/www.locoxelrojo.com\/independiente\/wp-json\/wp\/v2\/categories?post=86456"},{"taxonomy":"post_tag","embeddable":true,"href":"https:\/\/www.locoxelrojo.com\/independiente\/wp-json\/wp\/v2\/tags?post=86456"}],"curies":[{"name":"wp","href":"https:\/\/api.w.org\/{rel}","templated":true}]}}