{"id":86510,"date":"2020-01-23T17:50:50","date_gmt":"2020-01-23T20:50:50","guid":{"rendered":"http:\/\/www.locoxelrojo.com\/independiente\/?p=86510"},"modified":"2020-01-23T17:50:50","modified_gmt":"2020-01-23T20:50:50","slug":"viene-ramirez","status":"publish","type":"post","link":"https:\/\/www.locoxelrojo.com\/independiente\/2020\/01\/23\/viene-ramirez\/","title":{"rendered":"\u00bfViene Ram\u00edrez?"},"content":{"rendered":"<p><strong>En la operaci\u00f3n entre Independiente y Godoy Cruz por Francisco Pizzini podr\u00eda estar inclu\u00eddo Roberto Ram\u00edrez.<\/strong><\/p>\n<p><strong>El arquero de 23 a\u00f1os se sumar\u00eda a pr\u00e9stamo por 6 meses<\/strong> y ocupar\u00eda el espacio que dej\u00f3 vacante Gonzalo Rehak. <strong>Ram\u00edrez fue titular en el Tomba durante la fase de grupos de la \u00faltima Copa Libertadores de Am\u00e9rica.<\/strong><\/p>\n<p>Su posible llegada al Rojo estar\u00eda ligada a <a href=\"https:\/\/www.locoxelrojo.com\/independiente\/2020\/01\/22\/volvio-para-irse\/\">la negociaci\u00f3n entre ambos clubes por Pizzini<\/a>, <strong>que a\u00fan no llegaron a un acuerdo en las condiciones del pr\u00e9stamo<\/strong>.<\/p>\n","protected":false},"excerpt":{"rendered":"<p>En la operaci\u00f3n entre Independiente y Godoy Cruz por Francisco Pizzini podr\u00eda estar inclu\u00eddo Roberto Ram\u00edrez. El arquero de 23 a\u00f1os se sumar\u00eda a pr\u00e9stamo por 6 meses y ocupar\u00eda el espacio que dej\u00f3 vacante Gonzalo Rehak. Ram\u00edrez fue titular en el Tomba durante la fase de grupos de la \u00faltima Copa Libertadores de Am\u00e9rica. [&hellip;]<\/p>\n","protected":false},"author":1,"featured_media":86512,"comment_status":"open","ping_status":"closed","sticky":false,"template":"","format":"standard","meta":{"_links_to":"","_links_to_target":""},"categories":[3280,3247],"tags":[153,571,4475],"_links":{"self":[{"href":"https:\/\/www.locoxelrojo.com\/independiente\/wp-json\/wp\/v2\/posts\/86510"}],"collection":[{"href":"https:\/\/www.locoxelrojo.com\/independiente\/wp-json\/wp\/v2\/posts"}],"about":[{"href":"https:\/\/www.locoxelrojo.com\/independiente\/wp-json\/wp\/v2\/types\/post"}],"author":[{"embeddable":true,"href":"https:\/\/www.locoxelrojo.com\/independiente\/wp-json\/wp\/v2\/users\/1"}],"replies":[{"embeddable":true,"href":"https:\/\/www.locoxelrojo.com\/independiente\/wp-json\/wp\/v2\/comments?post=86510"}],"version-history":[{"count":0,"href":"https:\/\/www.locoxelrojo.com\/independiente\/wp-json\/wp\/v2\/posts\/86510\/revisions"}],"wp:featuredmedia":[{"embeddable":true,"href":"https:\/\/www.locoxelrojo.com\/independiente\/wp-json\/wp\/v2\/media\/86512"}],"wp:attachment":[{"href":"https:\/\/www.locoxelrojo.com\/independiente\/wp-json\/wp\/v2\/media?parent=86510"}],"wp:term":[{"taxonomy":"category","embeddable":true,"href":"https:\/\/www.locoxelrojo.com\/independiente\/wp-json\/wp\/v2\/categories?post=86510"},{"taxonomy":"post_tag","embeddable":true,"href":"https:\/\/www.locoxelrojo.com\/independiente\/wp-json\/wp\/v2\/tags?post=86510"}],"curies":[{"name":"wp","href":"https:\/\/api.w.org\/{rel}","templated":true}]}}