{"id":86626,"date":"2020-01-29T13:53:04","date_gmt":"2020-01-29T16:53:04","guid":{"rendered":"http:\/\/www.locoxelrojo.com\/independiente\/?p=86626"},"modified":"2020-01-29T14:04:19","modified_gmt":"2020-01-29T17:04:19","slug":"moyano-tajante-sobre-la-continuidad-de-pablo-perez","status":"publish","type":"post","link":"https:\/\/www.locoxelrojo.com\/independiente\/2020\/01\/29\/moyano-tajante-sobre-la-continuidad-de-pablo-perez\/","title":{"rendered":"Moyano tajante sobre la continuidad de Pablo P\u00e9rez"},"content":{"rendered":"<p><strong>El presidente de Independiente fue consultado por la prensa<\/strong> por la situaci\u00f3n del mediocampista, previo al ingreso a la reuni\u00f3n pactada entre Superliga y AFA <strong>y dio una respuesta corta y concisa.<\/strong><\/p>\n<p><strong>\u201cNo creo que siga siendo jugador de Independiente\u201d<\/strong>, fue la bomba que tir\u00f3 el dirigente sobre la continuidad del volante ex Boca y, ante la repregunta del periodista, recalc\u00f3: <strong>\u201cSeguro que no, est\u00e1 suspendido ahora\u201d.<\/strong><\/p>\n<p>Esta declaraci\u00f3n muestra claramente <strong>la posici\u00f3n de la dirigencia de buscar la desvinculaci\u00f3n de Pablo P\u00e9rez<\/strong>, mientras en el <strong>entorno del jugador no tienen intenciones de rescindir el contrato y, llegado al caso, buscar\u00e1n que se lo abonen en su totalidad.<\/strong><\/p>\n<blockquote class=\"twitter-tweet\">\n<p dir=\"ltr\" lang=\"es\">BOMBA de Hugo Moyano: &#8220;No creo que Pablo P\u00e9rez siga siendo jugador de <a href=\"https:\/\/twitter.com\/hashtag\/Independiente?src=hash&amp;ref_src=twsrc%5Etfw\">#Independiente<\/a>&#8220;. <a href=\"https:\/\/t.co\/oql7vNTx2v\">pic.twitter.com\/oql7vNTx2v<\/a><\/p>\n<p>\u2014 TyC Sports (@TyCSports) <a href=\"https:\/\/twitter.com\/TyCSports\/status\/1222548336357597184?ref_src=twsrc%5Etfw\">January 29, 2020<\/a><\/p><\/blockquote>\n<p><script async src=\"https:\/\/platform.twitter.com\/widgets.js\" charset=\"utf-8\"><\/script><\/p>\n","protected":false},"excerpt":{"rendered":"<p>El presidente de Independiente fue consultado por la prensa por la situaci\u00f3n del mediocampista, previo al ingreso a la reuni\u00f3n pactada entre Superliga y AFA y dio una respuesta corta y concisa. \u201cNo creo que siga siendo jugador de Independiente\u201d, fue la bomba que tir\u00f3 el dirigente sobre la continuidad del volante ex Boca y, [&hellip;]<\/p>\n","protected":false},"author":101017,"featured_media":86627,"comment_status":"open","ping_status":"closed","sticky":false,"template":"","format":"standard","meta":{"_links_to":"","_links_to_target":""},"categories":[3280,3247],"tags":[153,140,1518],"_links":{"self":[{"href":"https:\/\/www.locoxelrojo.com\/independiente\/wp-json\/wp\/v2\/posts\/86626"}],"collection":[{"href":"https:\/\/www.locoxelrojo.com\/independiente\/wp-json\/wp\/v2\/posts"}],"about":[{"href":"https:\/\/www.locoxelrojo.com\/independiente\/wp-json\/wp\/v2\/types\/post"}],"author":[{"embeddable":true,"href":"https:\/\/www.locoxelrojo.com\/independiente\/wp-json\/wp\/v2\/users\/101017"}],"replies":[{"embeddable":true,"href":"https:\/\/www.locoxelrojo.com\/independiente\/wp-json\/wp\/v2\/comments?post=86626"}],"version-history":[{"count":0,"href":"https:\/\/www.locoxelrojo.com\/independiente\/wp-json\/wp\/v2\/posts\/86626\/revisions"}],"wp:featuredmedia":[{"embeddable":true,"href":"https:\/\/www.locoxelrojo.com\/independiente\/wp-json\/wp\/v2\/media\/86627"}],"wp:attachment":[{"href":"https:\/\/www.locoxelrojo.com\/independiente\/wp-json\/wp\/v2\/media?parent=86626"}],"wp:term":[{"taxonomy":"category","embeddable":true,"href":"https:\/\/www.locoxelrojo.com\/independiente\/wp-json\/wp\/v2\/categories?post=86626"},{"taxonomy":"post_tag","embeddable":true,"href":"https:\/\/www.locoxelrojo.com\/independiente\/wp-json\/wp\/v2\/tags?post=86626"}],"curies":[{"name":"wp","href":"https:\/\/api.w.org\/{rel}","templated":true}]}}