{"id":86635,"date":"2020-01-29T14:27:36","date_gmt":"2020-01-29T17:27:36","guid":{"rendered":"http:\/\/www.locoxelrojo.com\/independiente\/?p=86635"},"modified":"2020-01-29T17:28:18","modified_gmt":"2020-01-29T20:28:18","slug":"dos-bajas-para-recibir-a-central","status":"publish","type":"post","link":"https:\/\/www.locoxelrojo.com\/independiente\/2020\/01\/29\/dos-bajas-para-recibir-a-central\/","title":{"rendered":"Dos bajas para recibir a Central"},"content":{"rendered":"<p>Independiente se prepara para recibir este s\u00e1bado a Rosario Central en el Libertadores de Am\u00e9rica. <strong>Lucas Pusineri no podr\u00e1 contar con Pablo P\u00e9rez (suspendido) y Gast\u00f3n Silva (lesionado).<\/strong><\/p>\n<p>Este mi\u00e9rcoles el plantel de Independiente trabaj\u00f3 a puertas cerradas en el predio de Villa Dom\u00ednico.<strong> Los jugadores se sometieron a ejercicios de neurociencia en uno de los campos de juego, posesi\u00f3n, resoluciones colectivas en defensa, rutas de pase y definici\u00f3n y f\u00fatbol reducido.<\/strong><\/p>\n<p>A pesar de la informaci\u00f3n que circula sobre una posible salida, <strong>P\u00e9rez entren\u00f3 junto a sus compa\u00f1eros y est\u00e1 a la espera de la sanci\u00f3n que le impondr\u00e1 el Tribunal de Disciplina por sus expulsi\u00f3n frente a Boca, pero es sabido que Pusineri no podr\u00e1 contar con \u00e9l este fin de semana.<\/strong><\/p>\n<p><strong>La segunda baja es el uruguayo Silva. Los estudios m\u00e9dicos realizados confirmaron que padece un esguince medial de tobillo derecho y se mueve de manera diferenciada,<\/strong> junto a Pablo Hern\u00e1ndez y Facundo Lando.<\/p>\n<p><strong>Domingo Blanco posiblemente sea el reemplazante del volante, mientras que por el defensor recuperar\u00e1 la titularidad Alexander Barboza.<\/strong> Hay que ver si en las pr\u00e1cticas del jueves y viernes, el entrenador se inclina por confirmar estas variantes o har\u00e1 alg\u00fan cambio m\u00e1s en el equipo.<\/p>\n","protected":false},"excerpt":{"rendered":"<p>Independiente se prepara para recibir este s\u00e1bado a Rosario Central en el Libertadores de Am\u00e9rica. Lucas Pusineri no podr\u00e1 contar con Pablo P\u00e9rez (suspendido) y Gast\u00f3n Silva (lesionado). Este mi\u00e9rcoles el plantel de Independiente trabaj\u00f3 a puertas cerradas en el predio de Villa Dom\u00ednico. Los jugadores se sometieron a ejercicios de neurociencia en uno de [&hellip;]<\/p>\n","protected":false},"author":1,"featured_media":86636,"comment_status":"open","ping_status":"closed","sticky":false,"template":"","format":"standard","meta":{"_links_to":"","_links_to_target":""},"categories":[3247,3],"tags":[26,3557,145,1518,172],"_links":{"self":[{"href":"https:\/\/www.locoxelrojo.com\/independiente\/wp-json\/wp\/v2\/posts\/86635"}],"collection":[{"href":"https:\/\/www.locoxelrojo.com\/independiente\/wp-json\/wp\/v2\/posts"}],"about":[{"href":"https:\/\/www.locoxelrojo.com\/independiente\/wp-json\/wp\/v2\/types\/post"}],"author":[{"embeddable":true,"href":"https:\/\/www.locoxelrojo.com\/independiente\/wp-json\/wp\/v2\/users\/1"}],"replies":[{"embeddable":true,"href":"https:\/\/www.locoxelrojo.com\/independiente\/wp-json\/wp\/v2\/comments?post=86635"}],"version-history":[{"count":0,"href":"https:\/\/www.locoxelrojo.com\/independiente\/wp-json\/wp\/v2\/posts\/86635\/revisions"}],"wp:featuredmedia":[{"embeddable":true,"href":"https:\/\/www.locoxelrojo.com\/independiente\/wp-json\/wp\/v2\/media\/86636"}],"wp:attachment":[{"href":"https:\/\/www.locoxelrojo.com\/independiente\/wp-json\/wp\/v2\/media?parent=86635"}],"wp:term":[{"taxonomy":"category","embeddable":true,"href":"https:\/\/www.locoxelrojo.com\/independiente\/wp-json\/wp\/v2\/categories?post=86635"},{"taxonomy":"post_tag","embeddable":true,"href":"https:\/\/www.locoxelrojo.com\/independiente\/wp-json\/wp\/v2\/tags?post=86635"}],"curies":[{"name":"wp","href":"https:\/\/api.w.org\/{rel}","templated":true}]}}