{"id":86647,"date":"2020-01-30T21:19:51","date_gmt":"2020-01-31T00:19:51","guid":{"rendered":"http:\/\/www.locoxelrojo.com\/independiente\/?p=86647"},"modified":"2020-01-30T21:25:58","modified_gmt":"2020-01-31T00:25:58","slug":"maldonado-ojala-pablo-entienda-y-pueda-seguir-en-el-club","status":"publish","type":"post","link":"https:\/\/www.locoxelrojo.com\/independiente\/2020\/01\/30\/maldonado-ojala-pablo-entienda-y-pueda-seguir-en-el-club\/","title":{"rendered":"Maldonado: &#8220;Ojal\u00e1 Pablo entienda y pueda seguir en el club&#8221;"},"content":{"rendered":"<p>La novela de la continuidad de <strong>Pablo P\u00e9rez<\/strong> sum\u00f3 un nuevo cap\u00edtulo. <strong>H\u00e9ctor Maldonado<\/strong> afirm\u00f3 que ahora la intenci\u00f3n es que el volante siga en Independiente.<\/p>\n<p>Que se va, que se queda&#8230; Cada d\u00eda es diferente en torno al 8 del Rojo. La situaci\u00f3n parec\u00eda sentenciada cuando el presidente <a href=\"https:\/\/www.locoxelrojo.com\/independiente\/2020\/01\/29\/moyano-tajante-sobre-la-continuidad-de-pablo-perez\/\">Hugo Moyano afirm\u00f3 que lo ver\u00eda afuera del club<\/a>. Luego, trascendi\u00f3 que hab\u00eda acuerdo econ\u00f3mico para su rescisi\u00f3n, pero Independiente no ten\u00eda el dinero. Despu\u00e9s, Lucas Pusineri afirm\u00f3 que <a href=\"https:\/\/www.locoxelrojo.com\/independiente\/2020\/01\/30\/pusineri-hablo-sobre-la-situacion-de-pablo-perez\/\">mientras P\u00e9rez estuviera en el plantel, lo tendr\u00eda en cuenta<\/a>. Y ahora fue el secretario general quien <strong>contradijo la palabra de Hugo<\/strong>.<\/p>\n<p>Este jueves, a la salida del sorteo de la Copa Argentina, Maldonado reconoci\u00f3 la irresponsabilidad del jugador, pero afirm\u00f3 que la idea es mantenerlo en el plantel: <strong>&#8220;Estamos viendo el tema de Pablo, hay que esperar un poco. Fue un momento de calentura y todos nos sentimos un poco molestos. No estamos cansados, pero de alguna manera \u00e9l tiene que entender que el equipo no puede quedarse con 10 hombres.\u00a0Tenemos que sentarnos, seguir charlando y ojal\u00e1 pueda entender y pueda seguir en el club&#8221;<\/strong>.<\/p>\n<p>El dirigente se\u00f1al\u00f3 que <strong>&#8220;evidentemente el jugador est\u00e1 un poco triste por la dimensi\u00f3n que tom\u00f3 una expulsi\u00f3n, pero es una consecuencia de un mont\u00f3n de emociones&#8221;<\/strong>. En la misma l\u00ednea, pidi\u00f3 m\u00e1s compromiso de parte suya:<strong> &#8220;Ojal\u00e1 pueda entender y que le pueda dar a Independiente lo que necesitamos de \u00e9l. Hay que tener un compromiso con la instituci\u00f3n, para que no se vea perjudicado el jugador ni tampoco la instituci\u00f3n&#8221;<\/strong>.<\/p>\n","protected":false},"excerpt":{"rendered":"<p>La novela de la continuidad de Pablo P\u00e9rez sum\u00f3 un nuevo cap\u00edtulo. H\u00e9ctor Maldonado afirm\u00f3 que ahora la intenci\u00f3n es que el volante siga en Independiente. Que se va, que se queda&#8230; Cada d\u00eda es diferente en torno al 8 del Rojo. La situaci\u00f3n parec\u00eda sentenciada cuando el presidente Hugo Moyano afirm\u00f3 que lo ver\u00eda [&hellip;]<\/p>\n","protected":false},"author":8,"featured_media":86648,"comment_status":"open","ping_status":"closed","sticky":false,"template":"","format":"standard","meta":{"_links_to":"","_links_to_target":""},"categories":[3247,3],"tags":[129,1518],"_links":{"self":[{"href":"https:\/\/www.locoxelrojo.com\/independiente\/wp-json\/wp\/v2\/posts\/86647"}],"collection":[{"href":"https:\/\/www.locoxelrojo.com\/independiente\/wp-json\/wp\/v2\/posts"}],"about":[{"href":"https:\/\/www.locoxelrojo.com\/independiente\/wp-json\/wp\/v2\/types\/post"}],"author":[{"embeddable":true,"href":"https:\/\/www.locoxelrojo.com\/independiente\/wp-json\/wp\/v2\/users\/8"}],"replies":[{"embeddable":true,"href":"https:\/\/www.locoxelrojo.com\/independiente\/wp-json\/wp\/v2\/comments?post=86647"}],"version-history":[{"count":0,"href":"https:\/\/www.locoxelrojo.com\/independiente\/wp-json\/wp\/v2\/posts\/86647\/revisions"}],"wp:featuredmedia":[{"embeddable":true,"href":"https:\/\/www.locoxelrojo.com\/independiente\/wp-json\/wp\/v2\/media\/86648"}],"wp:attachment":[{"href":"https:\/\/www.locoxelrojo.com\/independiente\/wp-json\/wp\/v2\/media?parent=86647"}],"wp:term":[{"taxonomy":"category","embeddable":true,"href":"https:\/\/www.locoxelrojo.com\/independiente\/wp-json\/wp\/v2\/categories?post=86647"},{"taxonomy":"post_tag","embeddable":true,"href":"https:\/\/www.locoxelrojo.com\/independiente\/wp-json\/wp\/v2\/tags?post=86647"}],"curies":[{"name":"wp","href":"https:\/\/api.w.org\/{rel}","templated":true}]}}