{"id":86712,"date":"2020-02-04T13:47:08","date_gmt":"2020-02-04T16:47:08","guid":{"rendered":"http:\/\/www.locoxelrojo.com\/independiente\/?p=86712"},"modified":"2020-02-04T16:02:11","modified_gmt":"2020-02-04T19:02:11","slug":"benitez-se-entreno-con-normalidad","status":"publish","type":"post","link":"https:\/\/www.locoxelrojo.com\/independiente\/2020\/02\/04\/benitez-se-entreno-con-normalidad\/","title":{"rendered":"Ben\u00edtez se entren\u00f3 con normalidad"},"content":{"rendered":"<p>Independiente tuvo una nueva jornada de entrenamiento esta ma\u00f1ana en el predio de Villa Dom\u00ednico, <strong>con la mente puesta en el cl\u00e1sico del fin de semana ante Racing.<\/strong><\/p>\n<p>Lucas Pusineri y su cuerpo t\u00e9cnico <strong>planificaron unos trabajos de neurociencia en campo para comenzar<\/strong>. Luego, <strong>continuaron con ejercicios de posesi\u00f3n y circulaci\u00f3n de pelota<\/strong> mediante movimientos t\u00e1cticos coordinados y un reducido. <strong>Para finalizar, los jugadores realizaron trabajos f\u00edsicos en el gimnasio.<\/strong><\/p>\n<p><strong>La buena noticia del d\u00eda fue que el 10 del Rojo, Mart\u00edn Ben\u00edtez, se entren\u00f3 a la par de sus compa\u00f1eros tras tener algunas molestias.<\/strong> Por su parte, se entrenaron de manera diferenciada Pablo Hern\u00e1ndez, Gast\u00f3n Silva y Facundo Lando, recuper\u00e1ndose de sus respectivas lesiones.<\/p>\n<p><strong>El plantel volver\u00e1 a las pr\u00e1cticas el mi\u00e9rcoles a las 9:00<\/strong> nuevamente en el predio, a puertas cerradas.<\/p>\n","protected":false},"excerpt":{"rendered":"<p>Independiente tuvo una nueva jornada de entrenamiento esta ma\u00f1ana en el predio de Villa Dom\u00ednico, con la mente puesta en el cl\u00e1sico del fin de semana ante Racing. Lucas Pusineri y su cuerpo t\u00e9cnico planificaron unos trabajos de neurociencia en campo para comenzar. Luego, continuaron con ejercicios de posesi\u00f3n y circulaci\u00f3n de pelota mediante movimientos [&hellip;]<\/p>\n","protected":false},"author":101017,"featured_media":86716,"comment_status":"open","ping_status":"closed","sticky":false,"template":"","format":"standard","meta":{"_links_to":"","_links_to_target":""},"categories":[3247,3],"tags":[153,26,258,172],"_links":{"self":[{"href":"https:\/\/www.locoxelrojo.com\/independiente\/wp-json\/wp\/v2\/posts\/86712"}],"collection":[{"href":"https:\/\/www.locoxelrojo.com\/independiente\/wp-json\/wp\/v2\/posts"}],"about":[{"href":"https:\/\/www.locoxelrojo.com\/independiente\/wp-json\/wp\/v2\/types\/post"}],"author":[{"embeddable":true,"href":"https:\/\/www.locoxelrojo.com\/independiente\/wp-json\/wp\/v2\/users\/101017"}],"replies":[{"embeddable":true,"href":"https:\/\/www.locoxelrojo.com\/independiente\/wp-json\/wp\/v2\/comments?post=86712"}],"version-history":[{"count":0,"href":"https:\/\/www.locoxelrojo.com\/independiente\/wp-json\/wp\/v2\/posts\/86712\/revisions"}],"wp:featuredmedia":[{"embeddable":true,"href":"https:\/\/www.locoxelrojo.com\/independiente\/wp-json\/wp\/v2\/media\/86716"}],"wp:attachment":[{"href":"https:\/\/www.locoxelrojo.com\/independiente\/wp-json\/wp\/v2\/media?parent=86712"}],"wp:term":[{"taxonomy":"category","embeddable":true,"href":"https:\/\/www.locoxelrojo.com\/independiente\/wp-json\/wp\/v2\/categories?post=86712"},{"taxonomy":"post_tag","embeddable":true,"href":"https:\/\/www.locoxelrojo.com\/independiente\/wp-json\/wp\/v2\/tags?post=86712"}],"curies":[{"name":"wp","href":"https:\/\/api.w.org\/{rel}","templated":true}]}}