{"id":86746,"date":"2020-02-07T14:16:58","date_gmt":"2020-02-07T17:16:58","guid":{"rendered":"http:\/\/www.locoxelrojo.com\/independiente\/?p=86746"},"modified":"2020-02-07T14:16:58","modified_gmt":"2020-02-07T17:16:58","slug":"los-pibes-festejaron-el-clasico-y-la-punta","status":"publish","type":"post","link":"https:\/\/www.locoxelrojo.com\/independiente\/2020\/02\/07\/los-pibes-festejaron-el-clasico-y-la-punta\/","title":{"rendered":"Los pibes festejaron el Cl\u00e1sico y la punta"},"content":{"rendered":"<p><a href=\"https:\/\/www.locoxelrojo.com\/independiente\/2020\/02\/07\/victoria-clasica\/\">La Reserva de Independiente le gan\u00f3 en condici\u00f3n de visitante a Racing por 2-0<\/a>. <strong>En el vestuario los pibes festejaron el gran triunfo en el Cl\u00e1sico de Avellaneda y la punta del campeonato.<\/strong><\/p>\n<p>Era un partido clave para los dirigidos por Marcelo G\u00f3mez. Adem\u00e1s de enfrentar al cl\u00e1sico rival, estaba en juego la punta del torneo, <strong>ya que Lan\u00fas y Estudiantes no le sacan pisada al Rojo y lo persiguen de cerca.<\/strong><\/p>\n<p>Alan Velasco y Alan So\u00f1ora fueron los encargados de darle los tres puntos a Independiente, <strong>y ya en el vestuario lleg\u00f3 el desahogo a puro festejo con canciones, bailes y la tradicional foto grupal.<\/strong><\/p>\n<blockquote class=\"twitter-tweet\">\n<p dir=\"ltr\" lang=\"es\">Cuando gan\u00e1s el cl\u00e1sico y sos \u00fanico puntero del campeonato&#x270c;&#x1f3fb;&#x1f604;<\/p>\n<p>\u00a1Merecido, chicos! &#x1f4aa;&#x1f3fb;<a href=\"https:\/\/twitter.com\/hashtag\/Reserva?src=hash&amp;ref_src=twsrc%5Etfw\">#Reserva<\/a> <a href=\"https:\/\/twitter.com\/hashtag\/TodoRojo?src=hash&amp;ref_src=twsrc%5Etfw\">#TodoRojo<\/a>&#x1f534; <a href=\"https:\/\/t.co\/77PQFF7jjc\">pic.twitter.com\/77PQFF7jjc<\/a><\/p>\n<p>\u2014 C. A. Independiente (@Independiente) <a href=\"https:\/\/twitter.com\/Independiente\/status\/1225792392936263680?ref_src=twsrc%5Etfw\">February 7, 2020<\/a><\/p><\/blockquote>\n<p><script async src=\"https:\/\/platform.twitter.com\/widgets.js\" charset=\"utf-8\"><\/script><\/p>\n","protected":false},"excerpt":{"rendered":"<p>La Reserva de Independiente le gan\u00f3 en condici\u00f3n de visitante a Racing por 2-0. En el vestuario los pibes festejaron el gran triunfo en el Cl\u00e1sico de Avellaneda y la punta del campeonato. Era un partido clave para los dirigidos por Marcelo G\u00f3mez. Adem\u00e1s de enfrentar al cl\u00e1sico rival, estaba en juego la punta del [&hellip;]<\/p>\n","protected":false},"author":1,"featured_media":86747,"comment_status":"open","ping_status":"closed","sticky":false,"template":"","format":"standard","meta":{"_links_to":"","_links_to_target":""},"categories":[3247,141],"tags":[4121,3560,134,4286,1994,231],"_links":{"self":[{"href":"https:\/\/www.locoxelrojo.com\/independiente\/wp-json\/wp\/v2\/posts\/86746"}],"collection":[{"href":"https:\/\/www.locoxelrojo.com\/independiente\/wp-json\/wp\/v2\/posts"}],"about":[{"href":"https:\/\/www.locoxelrojo.com\/independiente\/wp-json\/wp\/v2\/types\/post"}],"author":[{"embeddable":true,"href":"https:\/\/www.locoxelrojo.com\/independiente\/wp-json\/wp\/v2\/users\/1"}],"replies":[{"embeddable":true,"href":"https:\/\/www.locoxelrojo.com\/independiente\/wp-json\/wp\/v2\/comments?post=86746"}],"version-history":[{"count":0,"href":"https:\/\/www.locoxelrojo.com\/independiente\/wp-json\/wp\/v2\/posts\/86746\/revisions"}],"wp:featuredmedia":[{"embeddable":true,"href":"https:\/\/www.locoxelrojo.com\/independiente\/wp-json\/wp\/v2\/media\/86747"}],"wp:attachment":[{"href":"https:\/\/www.locoxelrojo.com\/independiente\/wp-json\/wp\/v2\/media?parent=86746"}],"wp:term":[{"taxonomy":"category","embeddable":true,"href":"https:\/\/www.locoxelrojo.com\/independiente\/wp-json\/wp\/v2\/categories?post=86746"},{"taxonomy":"post_tag","embeddable":true,"href":"https:\/\/www.locoxelrojo.com\/independiente\/wp-json\/wp\/v2\/tags?post=86746"}],"curies":[{"name":"wp","href":"https:\/\/api.w.org\/{rel}","templated":true}]}}