{"id":86748,"date":"2020-02-07T16:15:58","date_gmt":"2020-02-07T19:15:58","guid":{"rendered":"http:\/\/www.locoxelrojo.com\/independiente\/?p=86748"},"modified":"2020-02-07T16:15:58","modified_gmt":"2020-02-07T19:15:58","slug":"lucas-pusineri-hablo-sobre-la-salida-de-pablo-perez","status":"publish","type":"post","link":"https:\/\/www.locoxelrojo.com\/independiente\/2020\/02\/07\/lucas-pusineri-hablo-sobre-la-salida-de-pablo-perez\/","title":{"rendered":"Lucas Pusineri habl\u00f3 sobre la salida de Pablo P\u00e9rez"},"content":{"rendered":"<p>En conferencia de prensa <strong>Lucas Pusineri <a href=\"https:\/\/www.locoxelrojo.com\/independiente\/2020\/02\/06\/fin-de-la-novela-pablo-perez-se-fue-de-independiente\/\">habl\u00f3 sobre la salida de Pablo P\u00e9rez<\/a> y le puso un punto final al tema.<\/strong><\/p>\n<p>La finalizaci\u00f3n del v\u00ednculo entre el volante e Independiente es un hecho. Este viernes P\u00e9rez pas\u00f3 a despedirse de sus compa\u00f1eros y en las pr\u00f3ximas horas se sumar\u00e1 a Newell&#8217;s. Sobre esta situaci\u00f3n, el DT explic\u00f3: <strong>&#8220;El tema ya est\u00e1 definido y eso despeja cualquier incertidumbre que pueda seguir d\u00e1ndose&#8221;<\/strong>.<\/p>\n<p>Y ampli\u00f3: <strong>&#8220;\u00c9l con nosotros tuvo una buena cordialidad, siempre lo transmit\u00ed. Ac\u00e1 hubo un desgaste cuando yo estaba dirigiendo en otro lugar, entiendo que es beneficioso para todas las partes. \u00c9l ir\u00e1 a un lugar donde se siente muy c\u00f3modo y le deseo lo mejor&#8221;<\/strong>.<\/p>\n<p><iframe loading=\"lazy\" src=\"http:\/\/www.espn.com.ar\/core\/video\/iframe?id=6614651&amp;endcard=false\" width=\"640\" height=\"360\" frameborder=\"0\" allowfullscreen=\"allowfullscreen\"><\/iframe><\/p>\n","protected":false},"excerpt":{"rendered":"<p>En conferencia de prensa Lucas Pusineri habl\u00f3 sobre la salida de Pablo P\u00e9rez y le puso un punto final al tema. La finalizaci\u00f3n del v\u00ednculo entre el volante e Independiente es un hecho. Este viernes P\u00e9rez pas\u00f3 a despedirse de sus compa\u00f1eros y en las pr\u00f3ximas horas se sumar\u00e1 a Newell&#8217;s. Sobre esta situaci\u00f3n, el [&hellip;]<\/p>\n","protected":false},"author":1,"featured_media":86648,"comment_status":"open","ping_status":"closed","sticky":false,"template":"","format":"standard","meta":{"_links_to":"","_links_to_target":""},"categories":[3247,3],"tags":[145,1518],"_links":{"self":[{"href":"https:\/\/www.locoxelrojo.com\/independiente\/wp-json\/wp\/v2\/posts\/86748"}],"collection":[{"href":"https:\/\/www.locoxelrojo.com\/independiente\/wp-json\/wp\/v2\/posts"}],"about":[{"href":"https:\/\/www.locoxelrojo.com\/independiente\/wp-json\/wp\/v2\/types\/post"}],"author":[{"embeddable":true,"href":"https:\/\/www.locoxelrojo.com\/independiente\/wp-json\/wp\/v2\/users\/1"}],"replies":[{"embeddable":true,"href":"https:\/\/www.locoxelrojo.com\/independiente\/wp-json\/wp\/v2\/comments?post=86748"}],"version-history":[{"count":0,"href":"https:\/\/www.locoxelrojo.com\/independiente\/wp-json\/wp\/v2\/posts\/86748\/revisions"}],"wp:featuredmedia":[{"embeddable":true,"href":"https:\/\/www.locoxelrojo.com\/independiente\/wp-json\/wp\/v2\/media\/86648"}],"wp:attachment":[{"href":"https:\/\/www.locoxelrojo.com\/independiente\/wp-json\/wp\/v2\/media?parent=86748"}],"wp:term":[{"taxonomy":"category","embeddable":true,"href":"https:\/\/www.locoxelrojo.com\/independiente\/wp-json\/wp\/v2\/categories?post=86748"},{"taxonomy":"post_tag","embeddable":true,"href":"https:\/\/www.locoxelrojo.com\/independiente\/wp-json\/wp\/v2\/tags?post=86748"}],"curies":[{"name":"wp","href":"https:\/\/api.w.org\/{rel}","templated":true}]}}