{"id":86749,"date":"2020-02-07T14:20:44","date_gmt":"2020-02-07T17:20:44","guid":{"rendered":"http:\/\/www.locoxelrojo.com\/independiente\/?p=86749"},"modified":"2020-02-07T16:58:11","modified_gmt":"2020-02-07T19:58:11","slug":"se-llevaron-la-felicitacion-de-pusineri","status":"publish","type":"post","link":"https:\/\/www.locoxelrojo.com\/independiente\/2020\/02\/07\/se-llevaron-la-felicitacion-de-pusineri\/","title":{"rendered":"Se llevaron la felicitaci\u00f3n de Pusineri"},"content":{"rendered":"<p><strong>Lucas Pusineri felicit\u00f3 a la Reserva de Independiente por la victoria en el cl\u00e1sico con Racing.<\/strong><\/p>\n<p>Este viernes por la ma\u00f1ana <a href=\"https:\/\/www.locoxelrojo.com\/independiente\/2020\/02\/07\/victoria-clasica\/\">los dirigidos por Marcelo G\u00f3mez le ganaron 2-0 a la Academia<\/a> en el predio Tita Mattiussi, con goles de Alan Velasco y Alan So\u00f1ora. <strong>En conferencia de prensa, el t\u00e9cnico de la Primera tuvo palabras de elogios para los pibes y los salud\u00f3 por el triunfo.<\/strong><\/p>\n<p><iframe loading=\"lazy\" src=\"http:\/\/www.espn.com.ar\/core\/video\/iframe?id=6614594&amp;endcard=false\" width=\"640\" height=\"360\" frameborder=\"0\" allowfullscreen=\"allowfullscreen\"><\/iframe><\/p>\n","protected":false},"excerpt":{"rendered":"<p>Lucas Pusineri felicit\u00f3 a la Reserva de Independiente por la victoria en el cl\u00e1sico con Racing. Este viernes por la ma\u00f1ana los dirigidos por Marcelo G\u00f3mez le ganaron 2-0 a la Academia en el predio Tita Mattiussi, con goles de Alan Velasco y Alan So\u00f1ora. En conferencia de prensa, el t\u00e9cnico de la Primera tuvo [&hellip;]<\/p>\n","protected":false},"author":1,"featured_media":86750,"comment_status":"open","ping_status":"closed","sticky":false,"template":"","format":"standard","meta":{"_links_to":"","_links_to_target":""},"categories":[3247,141],"tags":[134,145,1994,231],"_links":{"self":[{"href":"https:\/\/www.locoxelrojo.com\/independiente\/wp-json\/wp\/v2\/posts\/86749"}],"collection":[{"href":"https:\/\/www.locoxelrojo.com\/independiente\/wp-json\/wp\/v2\/posts"}],"about":[{"href":"https:\/\/www.locoxelrojo.com\/independiente\/wp-json\/wp\/v2\/types\/post"}],"author":[{"embeddable":true,"href":"https:\/\/www.locoxelrojo.com\/independiente\/wp-json\/wp\/v2\/users\/1"}],"replies":[{"embeddable":true,"href":"https:\/\/www.locoxelrojo.com\/independiente\/wp-json\/wp\/v2\/comments?post=86749"}],"version-history":[{"count":0,"href":"https:\/\/www.locoxelrojo.com\/independiente\/wp-json\/wp\/v2\/posts\/86749\/revisions"}],"wp:featuredmedia":[{"embeddable":true,"href":"https:\/\/www.locoxelrojo.com\/independiente\/wp-json\/wp\/v2\/media\/86750"}],"wp:attachment":[{"href":"https:\/\/www.locoxelrojo.com\/independiente\/wp-json\/wp\/v2\/media?parent=86749"}],"wp:term":[{"taxonomy":"category","embeddable":true,"href":"https:\/\/www.locoxelrojo.com\/independiente\/wp-json\/wp\/v2\/categories?post=86749"},{"taxonomy":"post_tag","embeddable":true,"href":"https:\/\/www.locoxelrojo.com\/independiente\/wp-json\/wp\/v2\/tags?post=86749"}],"curies":[{"name":"wp","href":"https:\/\/api.w.org\/{rel}","templated":true}]}}