{"id":86792,"date":"2020-02-10T19:37:57","date_gmt":"2020-02-10T22:37:57","guid":{"rendered":"http:\/\/www.locoxelrojo.com\/independiente\/?p=86792"},"modified":"2020-02-10T20:08:33","modified_gmt":"2020-02-10T23:08:33","slug":"a-pensar-en-la-copa","status":"publish","type":"post","link":"https:\/\/www.locoxelrojo.com\/independiente\/2020\/02\/10\/a-pensar-en-la-copa\/","title":{"rendered":"A pensar en la Copa"},"content":{"rendered":"<p><strong>Independiente retom\u00f3 los entrenamientos despu\u00e9s de la derrota en el Cl\u00e1sico de Avellaneda y ya piensa en el partido del jueves por Copa Sudamericana.<\/strong><\/p>\n<p>El plantel no tuvo descanso tras el papel\u00f3n en el Cilindro. Este lunes por la ma\u00f1ana volvi\u00f3 a las pr\u00e1cticas en Villa Dom\u00ednico, consciente de que <strong>en s\u00f3lo tres d\u00edas tendr\u00e1 su debut ante Fortaleza y hay muchas cosas para corregir<\/strong>.<\/p>\n<p>Los futbolistas que jugaron m\u00e1s de 60 minutos ante Racing realizaron ejercicios f\u00edsicos regenerativos. El resto del grupo hizo <strong>trabajos de fuerza, potencia, reacci\u00f3n y velocidad, m\u00e1s algunos ejercicios t\u00e9cnico-t\u00e1cticos en espacios reducidos<\/strong>.<\/p>\n<p><strong>Gast\u00f3n Silva sigue sin poder dejar atr\u00e1s su esguince de tobillo<\/strong> y volvi\u00f3 a entrenarse de manera diferenciada, junto a Pablo Hern\u00e1ndez.<\/p>\n<p>El equipo volver\u00e1 a entrenarse <strong>el martes por la ma\u00f1ana en Villa Dom\u00ednico, a puertas cerradas<\/strong> y seguramente con los primeros indicios de los once que enfrentar\u00e1n al conjunto brasile\u00f1o por la ida de la Primera Fase<\/p>\n<p>.<\/p>\n","protected":false},"excerpt":{"rendered":"<p>Independiente retom\u00f3 los entrenamientos despu\u00e9s de la derrota en el Cl\u00e1sico de Avellaneda y ya piensa en el partido del jueves por Copa Sudamericana. El plantel no tuvo descanso tras el papel\u00f3n en el Cilindro. Este lunes por la ma\u00f1ana volvi\u00f3 a las pr\u00e1cticas en Villa Dom\u00ednico, consciente de que en s\u00f3lo tres d\u00edas tendr\u00e1 [&hellip;]<\/p>\n","protected":false},"author":8,"featured_media":86793,"comment_status":"open","ping_status":"closed","sticky":false,"template":"","format":"standard","meta":{"_links_to":"","_links_to_target":""},"categories":[3247,3],"tags":[26,172],"_links":{"self":[{"href":"https:\/\/www.locoxelrojo.com\/independiente\/wp-json\/wp\/v2\/posts\/86792"}],"collection":[{"href":"https:\/\/www.locoxelrojo.com\/independiente\/wp-json\/wp\/v2\/posts"}],"about":[{"href":"https:\/\/www.locoxelrojo.com\/independiente\/wp-json\/wp\/v2\/types\/post"}],"author":[{"embeddable":true,"href":"https:\/\/www.locoxelrojo.com\/independiente\/wp-json\/wp\/v2\/users\/8"}],"replies":[{"embeddable":true,"href":"https:\/\/www.locoxelrojo.com\/independiente\/wp-json\/wp\/v2\/comments?post=86792"}],"version-history":[{"count":0,"href":"https:\/\/www.locoxelrojo.com\/independiente\/wp-json\/wp\/v2\/posts\/86792\/revisions"}],"wp:featuredmedia":[{"embeddable":true,"href":"https:\/\/www.locoxelrojo.com\/independiente\/wp-json\/wp\/v2\/media\/86793"}],"wp:attachment":[{"href":"https:\/\/www.locoxelrojo.com\/independiente\/wp-json\/wp\/v2\/media?parent=86792"}],"wp:term":[{"taxonomy":"category","embeddable":true,"href":"https:\/\/www.locoxelrojo.com\/independiente\/wp-json\/wp\/v2\/categories?post=86792"},{"taxonomy":"post_tag","embeddable":true,"href":"https:\/\/www.locoxelrojo.com\/independiente\/wp-json\/wp\/v2\/tags?post=86792"}],"curies":[{"name":"wp","href":"https:\/\/api.w.org\/{rel}","templated":true}]}}