{"id":86809,"date":"2020-02-12T16:00:49","date_gmt":"2020-02-12T19:00:49","guid":{"rendered":"http:\/\/www.locoxelrojo.com\/independiente\/?p=86809"},"modified":"2020-02-12T16:00:49","modified_gmt":"2020-02-12T19:00:49","slug":"asi-llega-fortaleza","status":"publish","type":"post","link":"https:\/\/www.locoxelrojo.com\/independiente\/2020\/02\/12\/asi-llega-fortaleza\/","title":{"rendered":"As\u00ed llega Fortaleza"},"content":{"rendered":"<p>El conjunto brasilero se encuentra en un gran momento y <strong>es uno de los equipos revelaci\u00f3n del f\u00fatbol brasile\u00f1o<\/strong>. Adem\u00e1s, viene ilusionado ya que <strong>ser\u00e1 su debut en competencias internacionales.<\/strong><\/p>\n<p><strong>El equipo de Cesar\u00e1 finaliz\u00f3 en la novena posici\u00f3n el Brasileirao con 53 unidades,<\/strong> en puestos de clasificaci\u00f3n a la Copa Sudamericana y a 3 puntos de la Libertadores, <strong>producto de 15 triunfos, 8 igualdades y 15 derrotas en 38 partidos jugados. Anot\u00f3 50 goles y recibi\u00f3 49, quedando con +1 de diferencia. Ahora se encuentran compitiendo en copas dom\u00e9sticas.<\/strong><\/p>\n<p><strong>Fortaleza viene en constante crecimiento, siendo que en 2017 se encontraba en la tercera categor\u00eda de Brasil.<\/strong> Tras estar 8 a\u00f1os all\u00ed, obtuvo dos ascensos consecutivos y hoy se encuentra en un momento hist\u00f3rico al debutar en un cert\u00e1men internacional. Vienen de vencer 3-0 a Santa Cruz por la <strong>Copa do Nordeste,<\/strong> <strong>donde est\u00e1n punteros con 5 puntos (1 victoria y 2 empates)<\/strong>, as\u00ed como en el <strong>Campeonato Cearense<\/strong>, donde derrotaron 5-0 a Uniclinic <strong>y lideran el torneo con 6 unidades en 2 cotejos.<\/strong><\/p>\n<p><strong>Su director t\u00e9cnico es el emblem\u00e1tico Rogerio Ceni, m\u00edtico jugador brasilero del Sao Pablo, que ostenta el r\u00e9cord de ser el arquero que m\u00e1s goles anot\u00f3 en toda la historia.<\/strong> Su equipo propone un juego din\u00e1mico, con delanteros \u00e1giles preparados para salir de contra. <strong>Sus figuras son Romarinho, Osvaldo y Quintero.<\/strong> En su plantel cuentan con un argentino, Mariano V\u00e1zquez, mediocampista surgido de Alvarado de Mar del Plata.<\/p>\n<p><strong>El once inicial de Fortaleza ser\u00eda: Alves; Tinga, Quintero, Paulao, Carlinhos; Luis, Juninho, Edinho y Andr\u00e9 Luis; Romarinho y Wellington Paulista.<\/strong><\/p>\n","protected":false},"excerpt":{"rendered":"<p>El conjunto brasilero se encuentra en un gran momento y es uno de los equipos revelaci\u00f3n del f\u00fatbol brasile\u00f1o. Adem\u00e1s, viene ilusionado ya que ser\u00e1 su debut en competencias internacionales. El equipo de Cesar\u00e1 finaliz\u00f3 en la novena posici\u00f3n el Brasileirao con 53 unidades, en puestos de clasificaci\u00f3n a la Copa Sudamericana y a 3 [&hellip;]<\/p>\n","protected":false},"author":101017,"featured_media":86810,"comment_status":"open","ping_status":"closed","sticky":false,"template":"","format":"standard","meta":{"_links_to":"","_links_to_target":""},"categories":[1990,3247],"tags":[153,4137,3275,4458],"_links":{"self":[{"href":"https:\/\/www.locoxelrojo.com\/independiente\/wp-json\/wp\/v2\/posts\/86809"}],"collection":[{"href":"https:\/\/www.locoxelrojo.com\/independiente\/wp-json\/wp\/v2\/posts"}],"about":[{"href":"https:\/\/www.locoxelrojo.com\/independiente\/wp-json\/wp\/v2\/types\/post"}],"author":[{"embeddable":true,"href":"https:\/\/www.locoxelrojo.com\/independiente\/wp-json\/wp\/v2\/users\/101017"}],"replies":[{"embeddable":true,"href":"https:\/\/www.locoxelrojo.com\/independiente\/wp-json\/wp\/v2\/comments?post=86809"}],"version-history":[{"count":0,"href":"https:\/\/www.locoxelrojo.com\/independiente\/wp-json\/wp\/v2\/posts\/86809\/revisions"}],"wp:featuredmedia":[{"embeddable":true,"href":"https:\/\/www.locoxelrojo.com\/independiente\/wp-json\/wp\/v2\/media\/86810"}],"wp:attachment":[{"href":"https:\/\/www.locoxelrojo.com\/independiente\/wp-json\/wp\/v2\/media?parent=86809"}],"wp:term":[{"taxonomy":"category","embeddable":true,"href":"https:\/\/www.locoxelrojo.com\/independiente\/wp-json\/wp\/v2\/categories?post=86809"},{"taxonomy":"post_tag","embeddable":true,"href":"https:\/\/www.locoxelrojo.com\/independiente\/wp-json\/wp\/v2\/tags?post=86809"}],"curies":[{"name":"wp","href":"https:\/\/api.w.org\/{rel}","templated":true}]}}