{"id":86937,"date":"2020-02-20T20:33:48","date_gmt":"2020-02-20T23:33:48","guid":{"rendered":"http:\/\/www.locoxelrojo.com\/independiente\/?p=86937"},"modified":"2020-02-20T20:33:48","modified_gmt":"2020-02-20T23:33:48","slug":"conflicto-en-puerta-por-fernandez","status":"publish","type":"post","link":"https:\/\/www.locoxelrojo.com\/independiente\/2020\/02\/20\/conflicto-en-puerta-por-fernandez\/","title":{"rendered":"Conflicto en puerta por Fern\u00e1ndez"},"content":{"rendered":"<p><strong>Leandro Fern\u00e1ndez todav\u00eda no acord\u00f3 la renovaci\u00f3n de su contrato con Independiente y podr\u00eda quedar libre en junio.<\/strong><\/p>\n<p>En las \u00faltimas horas, tom\u00f3 repercusi\u00f3n un conflicto que se ve\u00eda venir desde hace mucho tiempo. Un problema contractual con Fern\u00e1ndez pone <strong>en riesgo su continuidad despu\u00e9s de este semestre<\/strong>.<\/p>\n<p>Para entenderlo, hay que remontarse a diciembre de 2018. El delantero estaba reci\u00e9n recuperado de una rotura de ligamentos y el entonces entrenador, Ariel Holan, determin\u00f3 que le dieran salida para que tomara ritmo en otro club. El problema es que, <strong>antes de irse a pr\u00e9stamo a V\u00e9lez, no hab\u00eda llegado a un acuerdo para firmar la extensi\u00f3n de su v\u00ednculo en Avellaneda<\/strong>.<\/p>\n<p>Ya pas\u00f3 m\u00e1s de un a\u00f1o de esa situaci\u00f3n y Leandro est\u00e1 de vuelta en el Rojo. Y el problema tom\u00f3 mayor dimensi\u00f3n. <strong>Quedan s\u00f3lo cuatro meses para que se venza el contrato del jugador, y por ahora, est\u00e1 lejos de acordar la renovaci\u00f3n<\/strong>. Su representante, Cristian Bragarnik, pide una cifra muy elevada que el club no est\u00e1 en condiciones de abonar.<\/p>\n<p>Si el conflicto no se resuelve antes de junio, <strong>Fern\u00e1ndez quedar\u00e1 libre<\/strong> y podr\u00e1 negociar gratuitamente con cualquier club, <strong>sin dejarle ning\u00fan dinero a Independiente<\/strong>.<\/p>\n","protected":false},"excerpt":{"rendered":"<p>Leandro Fern\u00e1ndez todav\u00eda no acord\u00f3 la renovaci\u00f3n de su contrato con Independiente y podr\u00eda quedar libre en junio. En las \u00faltimas horas, tom\u00f3 repercusi\u00f3n un conflicto que se ve\u00eda venir desde hace mucho tiempo. Un problema contractual con Fern\u00e1ndez pone en riesgo su continuidad despu\u00e9s de este semestre. Para entenderlo, hay que remontarse a diciembre [&hellip;]<\/p>\n","protected":false},"author":8,"featured_media":86938,"comment_status":"open","ping_status":"closed","sticky":false,"template":"","format":"standard","meta":{"_links_to":"","_links_to_target":""},"categories":[3280,3247],"tags":[2921],"_links":{"self":[{"href":"https:\/\/www.locoxelrojo.com\/independiente\/wp-json\/wp\/v2\/posts\/86937"}],"collection":[{"href":"https:\/\/www.locoxelrojo.com\/independiente\/wp-json\/wp\/v2\/posts"}],"about":[{"href":"https:\/\/www.locoxelrojo.com\/independiente\/wp-json\/wp\/v2\/types\/post"}],"author":[{"embeddable":true,"href":"https:\/\/www.locoxelrojo.com\/independiente\/wp-json\/wp\/v2\/users\/8"}],"replies":[{"embeddable":true,"href":"https:\/\/www.locoxelrojo.com\/independiente\/wp-json\/wp\/v2\/comments?post=86937"}],"version-history":[{"count":0,"href":"https:\/\/www.locoxelrojo.com\/independiente\/wp-json\/wp\/v2\/posts\/86937\/revisions"}],"wp:featuredmedia":[{"embeddable":true,"href":"https:\/\/www.locoxelrojo.com\/independiente\/wp-json\/wp\/v2\/media\/86938"}],"wp:attachment":[{"href":"https:\/\/www.locoxelrojo.com\/independiente\/wp-json\/wp\/v2\/media?parent=86937"}],"wp:term":[{"taxonomy":"category","embeddable":true,"href":"https:\/\/www.locoxelrojo.com\/independiente\/wp-json\/wp\/v2\/categories?post=86937"},{"taxonomy":"post_tag","embeddable":true,"href":"https:\/\/www.locoxelrojo.com\/independiente\/wp-json\/wp\/v2\/tags?post=86937"}],"curies":[{"name":"wp","href":"https:\/\/api.w.org\/{rel}","templated":true}]}}