{"id":86947,"date":"2020-02-21T11:51:55","date_gmt":"2020-02-21T14:51:55","guid":{"rendered":"http:\/\/www.locoxelrojo.com\/independiente\/?p=86947"},"modified":"2020-02-22T11:54:57","modified_gmt":"2020-02-22T14:54:57","slug":"la-reserva-lo-empato-sobre-la-hora-pero-perdio-la-punta","status":"publish","type":"post","link":"https:\/\/www.locoxelrojo.com\/independiente\/2020\/02\/21\/la-reserva-lo-empato-sobre-la-hora-pero-perdio-la-punta\/","title":{"rendered":"La Reserva lo empat\u00f3 sobre la hora, pero perdi\u00f3 la punta"},"content":{"rendered":"<p><strong>La Reserva de Independiente empat\u00f3 2-2 con Gimnasia en Villa Dom\u00ednico y perdi\u00f3 la punta del campeonato. Renzo Bacchia de penal y Emanuel Mercado, los goles.<\/strong><\/p>\n<p>El equipo de Marcelo G\u00f3mez form\u00f3 con <strong>Bacchia; Lando, Ostachuk, Costa, Velazco; Ch\u00e1vez, Pacchini; Lezcano, Da Rosa; Mercado y Molina<\/strong>.<\/p>\n<p>Se dio un partido parejo en Villa Dom\u00ednico, que comenz\u00f3 de la peor manera para el Rojo. <strong>Mammini adelant\u00f3 al Lobo en el marcador<\/strong> con un gol de cabeza y se fueron 1-0 al vestuario.<\/p>\n<p>En el complemento, <strong>Fernando Ch\u00e1vez fue expulsado<\/strong> tras una agresi\u00f3n a Bruno Palazzo y dej\u00f3 a Independiente con 10 hombres. Como si fuera poco, despu\u00e9s de esa jugada, el propio <strong>Palazzo anot\u00f3 el 2-0 para Gimnasia<\/strong>. Todo parec\u00eda perdido. Pero enseguida les volvi\u00f3 la ilusi\u00f3n a los dirigidos por G\u00f3mez, ya que <strong>el \u00e1rbitro cobr\u00f3 penal tras una mano adentro del \u00e1rea, el arquero Bacchia se hizo cargo de la ejecuci\u00f3n y lo cambi\u00f3 por gol<\/strong>.<\/p>\n<p>La Reserva fue con todo en busca del empate y lo consigui\u00f3 en tiempo de descuento, cuando <strong>Mercado se tir\u00f3 de palomita para marcar el 2-2<\/strong> a la salida de un tiro libre.<\/p>\n<p>A pesar del punto rescatado, <strong>el equipo perdi\u00f3 la cima del torneo en manos e Lan\u00fas<\/strong>, que lo pas\u00f3 por dos puntos. El Granate lidera con 40 y el Rojo comparte el segundo puesto con Boca, ambos con 38.<\/p>\n<h3>El resumen del partido<\/h3>\n<p><iframe loading=\"lazy\" src=\"http:\/\/www.espn.com\/core\/video\/iframe?id=6670507&amp;endcard=false\" width=\"640\" height=\"360\" frameborder=\"0\" allowfullscreen=\"allowfullscreen\"><\/iframe><\/p>\n","protected":false},"excerpt":{"rendered":"<p>La Reserva de Independiente empat\u00f3 2-2 con Gimnasia en Villa Dom\u00ednico y perdi\u00f3 la punta del campeonato. Renzo Bacchia de penal y Emanuel Mercado, los goles. El equipo de Marcelo G\u00f3mez form\u00f3 con Bacchia; Lando, Ostachuk, Costa, Velazco; Ch\u00e1vez, Pacchini; Lezcano, Da Rosa; Mercado y Molina. Se dio un partido parejo en Villa Dom\u00ednico, que [&hellip;]<\/p>\n","protected":false},"author":8,"featured_media":86948,"comment_status":"open","ping_status":"closed","sticky":false,"template":"","format":"standard","meta":{"_links_to":"","_links_to_target":""},"categories":[3247,141],"tags":[4133,4085,483,4286,4005,231],"_links":{"self":[{"href":"https:\/\/www.locoxelrojo.com\/independiente\/wp-json\/wp\/v2\/posts\/86947"}],"collection":[{"href":"https:\/\/www.locoxelrojo.com\/independiente\/wp-json\/wp\/v2\/posts"}],"about":[{"href":"https:\/\/www.locoxelrojo.com\/independiente\/wp-json\/wp\/v2\/types\/post"}],"author":[{"embeddable":true,"href":"https:\/\/www.locoxelrojo.com\/independiente\/wp-json\/wp\/v2\/users\/8"}],"replies":[{"embeddable":true,"href":"https:\/\/www.locoxelrojo.com\/independiente\/wp-json\/wp\/v2\/comments?post=86947"}],"version-history":[{"count":0,"href":"https:\/\/www.locoxelrojo.com\/independiente\/wp-json\/wp\/v2\/posts\/86947\/revisions"}],"wp:featuredmedia":[{"embeddable":true,"href":"https:\/\/www.locoxelrojo.com\/independiente\/wp-json\/wp\/v2\/media\/86948"}],"wp:attachment":[{"href":"https:\/\/www.locoxelrojo.com\/independiente\/wp-json\/wp\/v2\/media?parent=86947"}],"wp:term":[{"taxonomy":"category","embeddable":true,"href":"https:\/\/www.locoxelrojo.com\/independiente\/wp-json\/wp\/v2\/categories?post=86947"},{"taxonomy":"post_tag","embeddable":true,"href":"https:\/\/www.locoxelrojo.com\/independiente\/wp-json\/wp\/v2\/tags?post=86947"}],"curies":[{"name":"wp","href":"https:\/\/api.w.org\/{rel}","templated":true}]}}