{"id":86969,"date":"2020-02-22T22:52:54","date_gmt":"2020-02-23T01:52:54","guid":{"rendered":"http:\/\/www.locoxelrojo.com\/independiente\/?p=86969"},"modified":"2020-02-24T04:54:58","modified_gmt":"2020-02-24T07:54:58","slug":"maradona-elogio-a-pusineri-y-agradecio-el-carino-de-la-gente","status":"publish","type":"post","link":"https:\/\/www.locoxelrojo.com\/independiente\/2020\/02\/22\/maradona-elogio-a-pusineri-y-agradecio-el-carino-de-la-gente\/","title":{"rendered":"Maradona elogi\u00f3 a Pusineri y agradeci\u00f3 el cari\u00f1o de la gente"},"content":{"rendered":"<p>Diego Maradona dialog\u00f3 en conferencia de prensa tras la victoria de Gimnasia ante Independiente por 1-0 en el Libertadores de Am\u00e9rica. <strong>&#8220;Independiente est\u00e1 pasando por un momento malo, pero nada tiene que ver esto con el trabajo de Pusineri&#8221;<\/strong>, sentenci\u00f3 el Diez.<\/p>\n<p><strong>&#8220;Pusineri hered\u00f3 lo que le dejaron. Es buen t\u00e9cnico, ojal\u00e1 Independiente lo retenga, se puede confiar en \u00e9l y tiene los mismos c\u00f3digos que nosotros&#8221;<\/strong>, aclar\u00f3 el DT del Lobo. Y agreg\u00f3: <strong>&#8220;No estoy pidi\u00e9ndole nada a Moyano, simplemente que si se equivocaron con los otros dos, que no se equivoquen con \u00e9ste&#8221;.<\/strong><\/p>\n<p>Maradona, fiel a su estilo, esboz\u00f3 una cr\u00edtica hacia &#8220;los otros dos&#8221;: <strong>&#8220;Yo me acuerdo los Beccacece, los Holan, que iban a traer la Copa del Mundo, que iban a salir en todos los diarios, \u00bfY?&#8221;<\/strong>.<\/p>\n<p>Para finalizar, el entrenador de Gimnasia agradeci\u00f3 el cari\u00f1o del p\u00fablico del Rojo: <strong>&#8220;A la gente de Independiente le agradezco con el alma. No hubo un silbido, nadie se acord\u00f3 de mi viejita&#8221;<\/strong>. Y cerr\u00f3: <strong>&#8220;Estoy contento por el triunfo, pero tambi\u00e9n el coraz\u00f3n me tira para el Rojo. No me gusta que mi maestro sufra, que es el Bocha&#8221;.<\/strong><\/p>\n<p>&nbsp;<\/p>\n","protected":false},"excerpt":{"rendered":"<p>Diego Maradona dialog\u00f3 en conferencia de prensa tras la victoria de Gimnasia ante Independiente por 1-0 en el Libertadores de Am\u00e9rica. &#8220;Independiente est\u00e1 pasando por un momento malo, pero nada tiene que ver esto con el trabajo de Pusineri&#8221;, sentenci\u00f3 el Diez. &#8220;Pusineri hered\u00f3 lo que le dejaron. Es buen t\u00e9cnico, ojal\u00e1 Independiente lo retenga, [&hellip;]<\/p>\n","protected":false},"author":101016,"featured_media":86973,"comment_status":"open","ping_status":"closed","sticky":false,"template":"","format":"standard","meta":{"_links_to":"","_links_to_target":""},"categories":[3280,3247],"tags":[2151,483,4195],"_links":{"self":[{"href":"https:\/\/www.locoxelrojo.com\/independiente\/wp-json\/wp\/v2\/posts\/86969"}],"collection":[{"href":"https:\/\/www.locoxelrojo.com\/independiente\/wp-json\/wp\/v2\/posts"}],"about":[{"href":"https:\/\/www.locoxelrojo.com\/independiente\/wp-json\/wp\/v2\/types\/post"}],"author":[{"embeddable":true,"href":"https:\/\/www.locoxelrojo.com\/independiente\/wp-json\/wp\/v2\/users\/101016"}],"replies":[{"embeddable":true,"href":"https:\/\/www.locoxelrojo.com\/independiente\/wp-json\/wp\/v2\/comments?post=86969"}],"version-history":[{"count":0,"href":"https:\/\/www.locoxelrojo.com\/independiente\/wp-json\/wp\/v2\/posts\/86969\/revisions"}],"wp:featuredmedia":[{"embeddable":true,"href":"https:\/\/www.locoxelrojo.com\/independiente\/wp-json\/wp\/v2\/media\/86973"}],"wp:attachment":[{"href":"https:\/\/www.locoxelrojo.com\/independiente\/wp-json\/wp\/v2\/media?parent=86969"}],"wp:term":[{"taxonomy":"category","embeddable":true,"href":"https:\/\/www.locoxelrojo.com\/independiente\/wp-json\/wp\/v2\/categories?post=86969"},{"taxonomy":"post_tag","embeddable":true,"href":"https:\/\/www.locoxelrojo.com\/independiente\/wp-json\/wp\/v2\/tags?post=86969"}],"curies":[{"name":"wp","href":"https:\/\/api.w.org\/{rel}","templated":true}]}}