{"id":87084,"date":"2020-03-03T21:04:41","date_gmt":"2020-03-04T00:04:41","guid":{"rendered":"http:\/\/www.locoxelrojo.com\/independiente\/?p=87084"},"modified":"2020-03-04T03:13:40","modified_gmt":"2020-03-04T06:13:40","slug":"pusineri-me-siento-respaldado-por-la-gente-por-la-directiva-y-por-los-futbolistas","status":"publish","type":"post","link":"https:\/\/www.locoxelrojo.com\/independiente\/2020\/03\/03\/pusineri-me-siento-respaldado-por-la-gente-por-la-directiva-y-por-los-futbolistas\/","title":{"rendered":"Pusineri: &#8220;Me siento respaldado por la gente, por la directiva y por los futbolistas&#8221;"},"content":{"rendered":"<p>Lucas Pusineri dialog\u00f3 con Tarde Redonda, programa de Fox Sports, sobre el partido ante Hurac\u00e1n, su relaci\u00f3n con el Mundo Rojo y la posibilidad de incorporar un manager.<\/p>\n<p><strong>&#8220;Esper\u00e1bamos volver a agarrar confianza luego de la clasificaci\u00f3n en Brasil, pero no fue as\u00ed&#8221;<\/strong>, comenz\u00f3 el DT respecto de la ca\u00edda ante el Globo. <strong>&#8220;En el primer tiempo tuvimos juego asociado, con apariciones de los volantes internos y a partir de ah\u00ed tuvimos la posibilidad de inquietar al arco de Pellegrino, sin poder marcar. Nos falta determinaci\u00f3n para hacerlo&#8221;<\/strong>, remarc\u00f3 Pusineri.<\/p>\n<p>Tambi\u00e9n fue claro respecto de c\u00f3mo encarar los encuentros en momentos dif\u00edciles. <strong>&#8220;Los detalles son los que definen los partidos, mi trabajo es tener la frialdad para seguir construyendo bases s\u00f3lidas con confianza&#8221;<\/strong>, se\u00f1al\u00f3 el DT. Y enfatiz\u00f3:<strong> &#8220;Cuando los partidos no se pueden ganar, tampoco hay que perderlos&#8221;.<\/strong><\/p>\n<p>Sobre su relaci\u00f3n con el Mundo Independiente, el entrenador se\u00f1al\u00f3: <strong>&#8220;Me siento respaldado por la gente, por la directiva y por los futbolistas&#8221;<\/strong>. Adem\u00e1s, <strong>aclar\u00f3 que tiene un di\u00e1logo fluido con la dirigencia y que &#8220;Independiente necesita un poco de calma, estamos en un proceso prematuro y en junio haremos un an\u00e1lisis exhaustivo&#8221;.<\/strong><\/p>\n<p>Acerca de la posibilidad de que se incorpore una Secretar\u00eda T\u00e9cnica, Pusineri se mostr\u00f3 entusiasmado: <strong>&#8220;En un futuro ser\u00eda interesante. Con el Rolfi me une una amistad, ha venido a ver entrenamientos, s\u00e9 que su nombre ha figurado para el cargo&#8221;<\/strong>. Pero aclar\u00f3 que no importa qui\u00e9n sea el elegido, sino lo que tenga para aportar: <strong>&#8220;Lo importante es que se pueda plasmar algo profesional, alguien que pueda con su experiencia ayudar a Independiente&#8221;<\/strong>.<\/p>\n<p>&nbsp;<\/p>\n","protected":false},"excerpt":{"rendered":"<p>Lucas Pusineri dialog\u00f3 con Tarde Redonda, programa de Fox Sports, sobre el partido ante Hurac\u00e1n, su relaci\u00f3n con el Mundo Rojo y la posibilidad de incorporar un manager. &#8220;Esper\u00e1bamos volver a agarrar confianza luego de la clasificaci\u00f3n en Brasil, pero no fue as\u00ed&#8221;, comenz\u00f3 el DT respecto de la ca\u00edda ante el Globo. &#8220;En el [&hellip;]<\/p>\n","protected":false},"author":101016,"featured_media":86845,"comment_status":"open","ping_status":"closed","sticky":false,"template":"","format":"standard","meta":{"_links_to":"","_links_to_target":""},"categories":[3280,3247],"tags":[153,1859,310,145,4496,4405],"_links":{"self":[{"href":"https:\/\/www.locoxelrojo.com\/independiente\/wp-json\/wp\/v2\/posts\/87084"}],"collection":[{"href":"https:\/\/www.locoxelrojo.com\/independiente\/wp-json\/wp\/v2\/posts"}],"about":[{"href":"https:\/\/www.locoxelrojo.com\/independiente\/wp-json\/wp\/v2\/types\/post"}],"author":[{"embeddable":true,"href":"https:\/\/www.locoxelrojo.com\/independiente\/wp-json\/wp\/v2\/users\/101016"}],"replies":[{"embeddable":true,"href":"https:\/\/www.locoxelrojo.com\/independiente\/wp-json\/wp\/v2\/comments?post=87084"}],"version-history":[{"count":0,"href":"https:\/\/www.locoxelrojo.com\/independiente\/wp-json\/wp\/v2\/posts\/87084\/revisions"}],"wp:featuredmedia":[{"embeddable":true,"href":"https:\/\/www.locoxelrojo.com\/independiente\/wp-json\/wp\/v2\/media\/86845"}],"wp:attachment":[{"href":"https:\/\/www.locoxelrojo.com\/independiente\/wp-json\/wp\/v2\/media?parent=87084"}],"wp:term":[{"taxonomy":"category","embeddable":true,"href":"https:\/\/www.locoxelrojo.com\/independiente\/wp-json\/wp\/v2\/categories?post=87084"},{"taxonomy":"post_tag","embeddable":true,"href":"https:\/\/www.locoxelrojo.com\/independiente\/wp-json\/wp\/v2\/tags?post=87084"}],"curies":[{"name":"wp","href":"https:\/\/api.w.org\/{rel}","templated":true}]}}