{"id":87101,"date":"2020-03-05T16:26:37","date_gmt":"2020-03-05T19:26:37","guid":{"rendered":"http:\/\/www.locoxelrojo.com\/independiente\/?p=87101"},"modified":"2020-03-05T21:27:24","modified_gmt":"2020-03-06T00:27:24","slug":"se-va-otro-mas","status":"publish","type":"post","link":"https:\/\/www.locoxelrojo.com\/independiente\/2020\/03\/05\/se-va-otro-mas\/","title":{"rendered":"\u00bfSe va otro m\u00e1s?"},"content":{"rendered":"<p><strong>Jorge Sampaoli, flamante t\u00e9cnico de Atl\u00e9tico Mineiro, volvi\u00f3 a poner sus ojos sobre Mart\u00edn Campa\u00f1a y quiere llev\u00e1rselo para encarar el Brasileirao.<\/strong><\/p>\n<p>Hace rato que cerr\u00f3 el mercado de pases comprador en el f\u00fatbol argentino, pero todav\u00eda pueden irse jugadores a otras ligas. Independiente padeci\u00f3 esta situaci\u00f3n, por ejemplo, con la venta de Nicol\u00e1s Figal a Estados Unidos. Y ahora <strong>podr\u00eda desprenderse de otro futbolista titular<\/strong>.<\/p>\n<p>Se trata nada menos que de <strong>Campa\u00f1a, quien est\u00e1 nuevamente en la mira de Sampaoli<\/strong>. El DT ya hab\u00eda querido llev\u00e1rselo al Santos y ahora, seg\u00fan la prensa brasile\u00f1a, insiste para tenerlo en su nuevo ciclo en Atl\u00e9tico Mineiro.<\/p>\n<p>D\u00edas atr\u00e1s, despu\u00e9s del empate 1-1 con Arsenal,<a href=\"https:\/\/www.locoxelrojo.com\/independiente\/2020\/02\/17\/campana-el-resultado-no-nos-sirve-para-nada\/\"><strong> el arquero uruguayo hab\u00eda pedido que el plantel no se siguiera desarmando<\/strong><\/a>. Habr\u00e1 que esperar para ver cu\u00e1l es su decisi\u00f3n y la del club si llega una oferta concreta.<\/p>\n","protected":false},"excerpt":{"rendered":"<p>Jorge Sampaoli, flamante t\u00e9cnico de Atl\u00e9tico Mineiro, volvi\u00f3 a poner sus ojos sobre Mart\u00edn Campa\u00f1a y quiere llev\u00e1rselo para encarar el Brasileirao. Hace rato que cerr\u00f3 el mercado de pases comprador en el f\u00fatbol argentino, pero todav\u00eda pueden irse jugadores a otras ligas. Independiente padeci\u00f3 esta situaci\u00f3n, por ejemplo, con la venta de Nicol\u00e1s Figal [&hellip;]<\/p>\n","protected":false},"author":8,"featured_media":85480,"comment_status":"open","ping_status":"closed","sticky":false,"template":"","format":"standard","meta":{"_links_to":"","_links_to_target":""},"categories":[3280,3247],"tags":[841,3487,3126,1665],"_links":{"self":[{"href":"https:\/\/www.locoxelrojo.com\/independiente\/wp-json\/wp\/v2\/posts\/87101"}],"collection":[{"href":"https:\/\/www.locoxelrojo.com\/independiente\/wp-json\/wp\/v2\/posts"}],"about":[{"href":"https:\/\/www.locoxelrojo.com\/independiente\/wp-json\/wp\/v2\/types\/post"}],"author":[{"embeddable":true,"href":"https:\/\/www.locoxelrojo.com\/independiente\/wp-json\/wp\/v2\/users\/8"}],"replies":[{"embeddable":true,"href":"https:\/\/www.locoxelrojo.com\/independiente\/wp-json\/wp\/v2\/comments?post=87101"}],"version-history":[{"count":0,"href":"https:\/\/www.locoxelrojo.com\/independiente\/wp-json\/wp\/v2\/posts\/87101\/revisions"}],"wp:featuredmedia":[{"embeddable":true,"href":"https:\/\/www.locoxelrojo.com\/independiente\/wp-json\/wp\/v2\/media\/85480"}],"wp:attachment":[{"href":"https:\/\/www.locoxelrojo.com\/independiente\/wp-json\/wp\/v2\/media?parent=87101"}],"wp:term":[{"taxonomy":"category","embeddable":true,"href":"https:\/\/www.locoxelrojo.com\/independiente\/wp-json\/wp\/v2\/categories?post=87101"},{"taxonomy":"post_tag","embeddable":true,"href":"https:\/\/www.locoxelrojo.com\/independiente\/wp-json\/wp\/v2\/tags?post=87101"}],"curies":[{"name":"wp","href":"https:\/\/api.w.org\/{rel}","templated":true}]}}