{"id":87151,"date":"2020-03-10T14:15:50","date_gmt":"2020-03-10T17:15:50","guid":{"rendered":"http:\/\/www.locoxelrojo.com\/independiente\/?p=87151"},"modified":"2020-03-10T14:15:50","modified_gmt":"2020-03-10T17:15:50","slug":"silva-los-chicos-asumieron-la-responsabilidad-de-lo-que-es-esta-camiseta","status":"publish","type":"post","link":"https:\/\/www.locoxelrojo.com\/independiente\/2020\/03\/10\/silva-los-chicos-asumieron-la-responsabilidad-de-lo-que-es-esta-camiseta\/","title":{"rendered":"Silva: &#8220;Los chicos asumieron la responsabilidad de lo que es esta camiseta&#8221;"},"content":{"rendered":"<p>Gast\u00f3n Silva, uno de los referentes del plantel de Independiente, se mostr\u00f3 satisfecho con el presente de los juveniles del Rojo: <strong>&#8220;Los chicos est\u00e1n en un gran nivel, asumieron la responsabilidad de lo que es esta camiseta&#8221;.<\/strong><\/p>\n<p>A pesar de no haber tenido un buen torneo, el cierre frente a Central C\u00f3rdoba permiti\u00f3 al plantel ilusionarse con lo que viene. <strong>&#8220;De ac\u00e1 para adelante hay que mirar en positivo y tratar de pelear este campeonato&#8221;<\/strong>, manifest\u00f3 el uruguayo en relaci\u00f3n a la Copa de la Superliga.<\/p>\n<p>Sobre su incidencia en el plantel, el defensor destac\u00f3: <strong>&#8220;Uno siempre trata de aportar al grupo y a toda la instituci\u00f3n. Me siento c\u00f3modo en este rol&#8221;.<\/strong> Tambi\u00e9n resalt\u00f3 la diferencia entre la actualidad del Rojo y 2017, a\u00f1o en que arrib\u00f3 al club: <strong>&#8220;Uno se acostumbr\u00f3 cuando lleg\u00f3 a otras cosas, pero estas piedras en el camino son buenas para ser autocr\u00edticos y con humildad tratar de salir adelante&#8221;.<\/strong><\/p>\n<p>En relaci\u00f3n a ese cambio negativo que sufri\u00f3 Independiente, el marcador zurdo puso \u00e9nfasis en el constante arribo de nuevos cuerpos t\u00e9cnicos: <strong>&#8220;Han cambiado entrenadores, es dif\u00edcil para los jugadores adaptarse r\u00e1pidamente. No es buscarle excusas, sino tratar de revertir esta situaci\u00f3n que realmente es complicada&#8221;.<\/strong><\/p>\n<p>Para finalizar, Silva se refiri\u00f3 a la relaci\u00f3n con los directivos: <strong>&#8220;Uno lo que quiere es jugar al f\u00fatbol, de lo dem\u00e1s se tienen que ocupar los dirigentes&#8221;.<\/strong> Y cerr\u00f3: <strong>&#8220;Cada uno tiene que cumplir su rol en esta instituci\u00f3n grande y hay que poner al club por encima de todo&#8221;.<\/strong><\/p>\n<p>&nbsp;<\/p>\n","protected":false},"excerpt":{"rendered":"<p>Gast\u00f3n Silva, uno de los referentes del plantel de Independiente, se mostr\u00f3 satisfecho con el presente de los juveniles del Rojo: &#8220;Los chicos est\u00e1n en un gran nivel, asumieron la responsabilidad de lo que es esta camiseta&#8221;. A pesar de no haber tenido un buen torneo, el cierre frente a Central C\u00f3rdoba permiti\u00f3 al plantel [&hellip;]<\/p>\n","protected":false},"author":101016,"featured_media":86985,"comment_status":"open","ping_status":"closed","sticky":false,"template":"","format":"standard","meta":{"_links_to":"","_links_to_target":""},"categories":[3280,3247],"tags":[153,4194,3557],"_links":{"self":[{"href":"https:\/\/www.locoxelrojo.com\/independiente\/wp-json\/wp\/v2\/posts\/87151"}],"collection":[{"href":"https:\/\/www.locoxelrojo.com\/independiente\/wp-json\/wp\/v2\/posts"}],"about":[{"href":"https:\/\/www.locoxelrojo.com\/independiente\/wp-json\/wp\/v2\/types\/post"}],"author":[{"embeddable":true,"href":"https:\/\/www.locoxelrojo.com\/independiente\/wp-json\/wp\/v2\/users\/101016"}],"replies":[{"embeddable":true,"href":"https:\/\/www.locoxelrojo.com\/independiente\/wp-json\/wp\/v2\/comments?post=87151"}],"version-history":[{"count":0,"href":"https:\/\/www.locoxelrojo.com\/independiente\/wp-json\/wp\/v2\/posts\/87151\/revisions"}],"wp:featuredmedia":[{"embeddable":true,"href":"https:\/\/www.locoxelrojo.com\/independiente\/wp-json\/wp\/v2\/media\/86985"}],"wp:attachment":[{"href":"https:\/\/www.locoxelrojo.com\/independiente\/wp-json\/wp\/v2\/media?parent=87151"}],"wp:term":[{"taxonomy":"category","embeddable":true,"href":"https:\/\/www.locoxelrojo.com\/independiente\/wp-json\/wp\/v2\/categories?post=87151"},{"taxonomy":"post_tag","embeddable":true,"href":"https:\/\/www.locoxelrojo.com\/independiente\/wp-json\/wp\/v2\/tags?post=87151"}],"curies":[{"name":"wp","href":"https:\/\/api.w.org\/{rel}","templated":true}]}}