{"id":87177,"date":"2020-03-11T20:16:29","date_gmt":"2020-03-11T23:16:29","guid":{"rendered":"http:\/\/www.locoxelrojo.com\/independiente\/?p=87177"},"modified":"2020-03-11T20:16:29","modified_gmt":"2020-03-11T23:16:29","slug":"la-postura-de-superliga-ante-la-propagacion-del-coronavirus","status":"publish","type":"post","link":"https:\/\/www.locoxelrojo.com\/independiente\/2020\/03\/11\/la-postura-de-superliga-ante-la-propagacion-del-coronavirus\/","title":{"rendered":"La postura de Superliga ante la propagaci\u00f3n del coronavirus"},"content":{"rendered":"<p><strong>La Superliga Argentina de F\u00fatbol inform\u00f3 qu\u00e9 pasar\u00e1 con las competencias ante la propagaci\u00f3n del coronavirus.<\/strong><\/p>\n<p>Este mi\u00e9rcoles, <strong>el COVID-19 fue declarado pandemia<\/strong> y en todos los pa\u00edses se est\u00e1n tomando medidas dr\u00e1sticas de prevenci\u00f3n. Las mismas alcanzan a los espect\u00e1culos deportivos, por ser un ambiente con mucho potencial de contagio. La Serie A de Italia, por ejemplo, fue suspendida hasta nuevo aviso. Las Eliminatorias para el Mundial 2022 tambi\u00e9n se postergar\u00edan.<\/p>\n<p>En Argentina hay 21 casos confirmados de coronavirus, que ya se cobraron una v\u00edctima, y por eso la Secretar\u00eda de Deportes del Ministerio de Turismo y Deportes de la Naci\u00f3n anunci\u00f3 la <strong>&#8220;suspensi\u00f3n y postergaci\u00f3n de competencias previstas en Argentina para los pr\u00f3ximos d\u00edas en las que deb\u00edan participar deportistas provenientes de los pa\u00edses afectados&#8221;<\/strong>. Con este panorama, la gran inc\u00f3gnita era qu\u00e9 pasar\u00eda con el inicio de la Copa de la Superliga. La entidad que organiza la competencia aclar\u00f3 que por el momento no habr\u00e1 suspensiones.<\/p>\n<p>&#8220;Ante los hechos de p\u00fablico conocimiento vinculados al Coronavirus COVID-19 y las recomendaciones realizadas por organismos mundiales, la Superliga Argentina de F\u00fatbol informa que <strong>se disputar\u00e1n tal como fueron programados los partidos pautados para el pr\u00f3ximo fin de semana tanto por la Copa Superliga de Primera Divisi\u00f3n y Reserva<\/strong> y, tambi\u00e9n, por el Torneo Primer Semestre 2020 de Juveniles SAF&#8221;, expresaron en un comunicado.<\/p>\n<p>De esta manera, est\u00e1 confirmado que <strong>Independiente recibir\u00e1 a V\u00e9lez el pr\u00f3ximo s\u00e1bado a las 15:30<\/strong> en el Estadio Libertadores de Am\u00e9rica.<\/p>\n","protected":false},"excerpt":{"rendered":"<p>La Superliga Argentina de F\u00fatbol inform\u00f3 qu\u00e9 pasar\u00e1 con las competencias ante la propagaci\u00f3n del coronavirus. Este mi\u00e9rcoles, el COVID-19 fue declarado pandemia y en todos los pa\u00edses se est\u00e1n tomando medidas dr\u00e1sticas de prevenci\u00f3n. Las mismas alcanzan a los espect\u00e1culos deportivos, por ser un ambiente con mucho potencial de contagio. La Serie A de [&hellip;]<\/p>\n","protected":false},"author":8,"featured_media":86127,"comment_status":"open","ping_status":"closed","sticky":false,"template":"","format":"standard","meta":{"_links_to":"","_links_to_target":""},"categories":[3247,3],"tags":[153,4194,3217],"_links":{"self":[{"href":"https:\/\/www.locoxelrojo.com\/independiente\/wp-json\/wp\/v2\/posts\/87177"}],"collection":[{"href":"https:\/\/www.locoxelrojo.com\/independiente\/wp-json\/wp\/v2\/posts"}],"about":[{"href":"https:\/\/www.locoxelrojo.com\/independiente\/wp-json\/wp\/v2\/types\/post"}],"author":[{"embeddable":true,"href":"https:\/\/www.locoxelrojo.com\/independiente\/wp-json\/wp\/v2\/users\/8"}],"replies":[{"embeddable":true,"href":"https:\/\/www.locoxelrojo.com\/independiente\/wp-json\/wp\/v2\/comments?post=87177"}],"version-history":[{"count":0,"href":"https:\/\/www.locoxelrojo.com\/independiente\/wp-json\/wp\/v2\/posts\/87177\/revisions"}],"wp:featuredmedia":[{"embeddable":true,"href":"https:\/\/www.locoxelrojo.com\/independiente\/wp-json\/wp\/v2\/media\/86127"}],"wp:attachment":[{"href":"https:\/\/www.locoxelrojo.com\/independiente\/wp-json\/wp\/v2\/media?parent=87177"}],"wp:term":[{"taxonomy":"category","embeddable":true,"href":"https:\/\/www.locoxelrojo.com\/independiente\/wp-json\/wp\/v2\/categories?post=87177"},{"taxonomy":"post_tag","embeddable":true,"href":"https:\/\/www.locoxelrojo.com\/independiente\/wp-json\/wp\/v2\/tags?post=87177"}],"curies":[{"name":"wp","href":"https:\/\/api.w.org\/{rel}","templated":true}]}}