{"id":87179,"date":"2020-03-12T10:17:59","date_gmt":"2020-03-12T13:17:59","guid":{"rendered":"http:\/\/www.locoxelrojo.com\/independiente\/?p=87179"},"modified":"2020-03-12T14:26:47","modified_gmt":"2020-03-12T17:26:47","slug":"el-fixture-de-las-inferiores-los-pibes-arrancan-el-sabado","status":"publish","type":"post","link":"https:\/\/www.locoxelrojo.com\/independiente\/2020\/03\/12\/el-fixture-de-las-inferiores-los-pibes-arrancan-el-sabado\/","title":{"rendered":"El fixture de las Inferiores: los Pibes arrancan el s\u00e1bado"},"content":{"rendered":"<p>Tras la postergaci\u00f3n de la primera fecha, <strong>las Divisiones Inferiores de Independiente volver\u00e1n al ruedo este s\u00e1bado por la ma\u00f1ana en lo que ser\u00e1 el Torneo del Primer Semestre<\/strong>.<\/p>\n<p>Los pibes del Rojo deber\u00edan haber debutado el fin de semana pasado ante Gimnasia La Plata pero esa jornada fue postergada para fines de mayo. Por lo tanto, <strong>har\u00e1n su estreno ante Godoy Cruz pasado ma\u00f1ana<\/strong>.<\/p>\n<p><strong>\u00bfCu\u00e1ndo se jugar\u00e1 el Cl\u00e1sico con Racing? El jueves 9 de abril<\/strong>, por la s\u00e9ptima fecha. A continuaci\u00f3n repasamos el fixture completo:<\/p>\n<p><a href=\"https:\/\/www.locoxelrojo.com\/independiente\/wp-content\/uploads\/2020\/03\/Fixture-Inferiores.jpg\"><img loading=\"lazy\" class=\"aligncenter size-full wp-image-87180\" src=\"https:\/\/www.locoxelrojo.com\/independiente\/wp-content\/uploads\/2020\/03\/Fixture-Inferiores.jpg\" alt=\"\" width=\"940\" height=\"512\" srcset=\"https:\/\/locoxelrojo.com\/independiente\/wp-content\/uploads\/2020\/03\/Fixture-Inferiores.jpg 940w, https:\/\/locoxelrojo.com\/independiente\/wp-content\/uploads\/2020\/03\/Fixture-Inferiores-300x163.jpg 300w, https:\/\/locoxelrojo.com\/independiente\/wp-content\/uploads\/2020\/03\/Fixture-Inferiores-768x418.jpg 768w, https:\/\/locoxelrojo.com\/independiente\/wp-content\/uploads\/2020\/03\/Fixture-Inferiores-696x379.jpg 696w, https:\/\/locoxelrojo.com\/independiente\/wp-content\/uploads\/2020\/03\/Fixture-Inferiores-771x420.jpg 771w, https:\/\/locoxelrojo.com\/independiente\/wp-content\/uploads\/2020\/03\/Fixture-Inferiores-128x70.jpg 128w, https:\/\/locoxelrojo.com\/independiente\/wp-content\/uploads\/2020\/03\/Fixture-Inferiores-32x17.jpg 32w\" sizes=\"(max-width: 940px) 100vw, 940px\" \/><\/a><\/p>\n","protected":false},"excerpt":{"rendered":"<p>Tras la postergaci\u00f3n de la primera fecha, las Divisiones Inferiores de Independiente volver\u00e1n al ruedo este s\u00e1bado por la ma\u00f1ana en lo que ser\u00e1 el Torneo del Primer Semestre. Los pibes del Rojo deber\u00edan haber debutado el fin de semana pasado ante Gimnasia La Plata pero esa jornada fue postergada para fines de mayo. Por [&hellip;]<\/p>\n","protected":false},"author":101019,"featured_media":83155,"comment_status":"open","ping_status":"closed","sticky":false,"template":"","format":"standard","meta":{"_links_to":"","_links_to_target":""},"categories":[3247,5],"tags":[3265,3631],"_links":{"self":[{"href":"https:\/\/www.locoxelrojo.com\/independiente\/wp-json\/wp\/v2\/posts\/87179"}],"collection":[{"href":"https:\/\/www.locoxelrojo.com\/independiente\/wp-json\/wp\/v2\/posts"}],"about":[{"href":"https:\/\/www.locoxelrojo.com\/independiente\/wp-json\/wp\/v2\/types\/post"}],"author":[{"embeddable":true,"href":"https:\/\/www.locoxelrojo.com\/independiente\/wp-json\/wp\/v2\/users\/101019"}],"replies":[{"embeddable":true,"href":"https:\/\/www.locoxelrojo.com\/independiente\/wp-json\/wp\/v2\/comments?post=87179"}],"version-history":[{"count":0,"href":"https:\/\/www.locoxelrojo.com\/independiente\/wp-json\/wp\/v2\/posts\/87179\/revisions"}],"wp:featuredmedia":[{"embeddable":true,"href":"https:\/\/www.locoxelrojo.com\/independiente\/wp-json\/wp\/v2\/media\/83155"}],"wp:attachment":[{"href":"https:\/\/www.locoxelrojo.com\/independiente\/wp-json\/wp\/v2\/media?parent=87179"}],"wp:term":[{"taxonomy":"category","embeddable":true,"href":"https:\/\/www.locoxelrojo.com\/independiente\/wp-json\/wp\/v2\/categories?post=87179"},{"taxonomy":"post_tag","embeddable":true,"href":"https:\/\/www.locoxelrojo.com\/independiente\/wp-json\/wp\/v2\/tags?post=87179"}],"curies":[{"name":"wp","href":"https:\/\/api.w.org\/{rel}","templated":true}]}}