{"id":87181,"date":"2020-03-12T15:35:49","date_gmt":"2020-03-12T18:35:49","guid":{"rendered":"http:\/\/www.locoxelrojo.com\/independiente\/?p=87181"},"modified":"2020-03-12T15:35:49","modified_gmt":"2020-03-12T18:35:49","slug":"es-oficial-contra-velez-sin-publico","status":"publish","type":"post","link":"https:\/\/www.locoxelrojo.com\/independiente\/2020\/03\/12\/es-oficial-contra-velez-sin-publico\/","title":{"rendered":"Es oficial: contra V\u00e9lez, sin p\u00fablico"},"content":{"rendered":"<p><strong>El encuentro que disputar\u00e1n el pr\u00f3ximo s\u00e1bado Independiente y V\u00e9lez Sarsfield<\/strong>, por la primera fecha de la Copa de la Superliga,<strong> se jugar\u00e1 sin p\u00fablico como medida de prevenci\u00f3n ante el brote de Coronavirus<\/strong>.<\/p>\n<p>Este jueves el Ministro de Turismo y Deportes de la Naci\u00f3n, <strong>Mat\u00edas Lammens<\/strong>, envi\u00f3 una carta a las autoridades de la Asociaci\u00f3n del F\u00fatbol Argentino donde solicit\u00f3 que todos los eventos organizados por dicha entidad sean a puertas cerradas.<\/p>\n<p><strong>&#8220;Hemos tomado la decisi\u00f3n de suspender preventivamente y hasta nuevo aviso la concurrencia de p\u00fablico de cualquier parcialidad en todos los eventos deportivos a desarrollarse en todo el territorio nacional. Esta determinaci\u00f3n tiene el objeto de minimizar el impacto sanitario de la propagaci\u00f3n del Covid-19&#8221;<\/strong>, reza uno de los p\u00e1rrafos de la nota.<\/p>\n<p>Al recibir esta notificaci\u00f3n, desde la Superliga acataron la orden del expresidente de San Lorenzo inmediatamente e hicieron oficial la petici\u00f3n: <strong>no habr\u00e1 p\u00fablico en las canchas por tiempo indeterminado<\/strong>.<\/p>\n<p><a href=\"https:\/\/www.locoxelrojo.com\/independiente\/wp-content\/uploads\/2020\/03\/carta-superliga-coronavirus-publico.jpg\"><img loading=\"lazy\" class=\"aligncenter size-full wp-image-87187\" src=\"https:\/\/www.locoxelrojo.com\/independiente\/wp-content\/uploads\/2020\/03\/carta-superliga-coronavirus-publico.jpg\" alt=\"\" width=\"654\" height=\"870\" srcset=\"https:\/\/locoxelrojo.com\/independiente\/wp-content\/uploads\/2020\/03\/carta-superliga-coronavirus-publico.jpg 654w, https:\/\/locoxelrojo.com\/independiente\/wp-content\/uploads\/2020\/03\/carta-superliga-coronavirus-publico-226x300.jpg 226w, https:\/\/locoxelrojo.com\/independiente\/wp-content\/uploads\/2020\/03\/carta-superliga-coronavirus-publico-316x420.jpg 316w, https:\/\/locoxelrojo.com\/independiente\/wp-content\/uploads\/2020\/03\/carta-superliga-coronavirus-publico-96x128.jpg 96w, https:\/\/locoxelrojo.com\/independiente\/wp-content\/uploads\/2020\/03\/carta-superliga-coronavirus-publico-24x32.jpg 24w\" sizes=\"(max-width: 654px) 100vw, 654px\" \/><\/a><\/p>\n<p>&nbsp;<\/p>\n","protected":false},"excerpt":{"rendered":"<p>El encuentro que disputar\u00e1n el pr\u00f3ximo s\u00e1bado Independiente y V\u00e9lez Sarsfield, por la primera fecha de la Copa de la Superliga, se jugar\u00e1 sin p\u00fablico como medida de prevenci\u00f3n ante el brote de Coronavirus. Este jueves el Ministro de Turismo y Deportes de la Naci\u00f3n, Mat\u00edas Lammens, envi\u00f3 una carta a las autoridades de la [&hellip;]<\/p>\n","protected":false},"author":19,"featured_media":87188,"comment_status":"open","ping_status":"closed","sticky":false,"template":"","format":"standard","meta":{"_links_to":"","_links_to_target":""},"categories":[3280,3247],"tags":[218,153,4503,1848,3217,213],"_links":{"self":[{"href":"https:\/\/www.locoxelrojo.com\/independiente\/wp-json\/wp\/v2\/posts\/87181"}],"collection":[{"href":"https:\/\/www.locoxelrojo.com\/independiente\/wp-json\/wp\/v2\/posts"}],"about":[{"href":"https:\/\/www.locoxelrojo.com\/independiente\/wp-json\/wp\/v2\/types\/post"}],"author":[{"embeddable":true,"href":"https:\/\/www.locoxelrojo.com\/independiente\/wp-json\/wp\/v2\/users\/19"}],"replies":[{"embeddable":true,"href":"https:\/\/www.locoxelrojo.com\/independiente\/wp-json\/wp\/v2\/comments?post=87181"}],"version-history":[{"count":0,"href":"https:\/\/www.locoxelrojo.com\/independiente\/wp-json\/wp\/v2\/posts\/87181\/revisions"}],"wp:featuredmedia":[{"embeddable":true,"href":"https:\/\/www.locoxelrojo.com\/independiente\/wp-json\/wp\/v2\/media\/87188"}],"wp:attachment":[{"href":"https:\/\/www.locoxelrojo.com\/independiente\/wp-json\/wp\/v2\/media?parent=87181"}],"wp:term":[{"taxonomy":"category","embeddable":true,"href":"https:\/\/www.locoxelrojo.com\/independiente\/wp-json\/wp\/v2\/categories?post=87181"},{"taxonomy":"post_tag","embeddable":true,"href":"https:\/\/www.locoxelrojo.com\/independiente\/wp-json\/wp\/v2\/tags?post=87181"}],"curies":[{"name":"wp","href":"https:\/\/api.w.org\/{rel}","templated":true}]}}