{"id":87193,"date":"2020-03-12T13:16:35","date_gmt":"2020-03-12T16:16:35","guid":{"rendered":"http:\/\/www.locoxelrojo.com\/independiente\/?p=87193"},"modified":"2020-03-12T16:17:11","modified_gmt":"2020-03-12T19:17:11","slug":"pensando-en-velez","status":"publish","type":"post","link":"https:\/\/www.locoxelrojo.com\/independiente\/2020\/03\/12\/pensando-en-velez\/","title":{"rendered":"Pensando en V\u00e9lez"},"content":{"rendered":"<p><strong>El plantel de Independiente tuvo un nuevo entrenamiento en Villa Dom\u00ednico, de cara el debut en la Copa de la Superliga ante V\u00e9lez.<\/strong><\/p>\n<p>Los jugadores realizaron trabajos f\u00edsicos en el campo de juego, ejercicios t\u00e1cticos y ensayos de definici\u00f3n. <strong>Nuevamente se ausent\u00f3 Cecilio Dom\u00ednguez<\/strong>, quien guarda reposo por un cuadro gripal, mientras que <strong>Pablo Hern\u00e1ndez se entren\u00f3 a la par del grupo<\/strong> a la espera del alta definitiva.<\/p>\n<p>Por el momento no hay confirmaciones sobre los once que recibir\u00e1n al Fort\u00edn el s\u00e1bado. La duda principal pasa por <strong>la presencia de Lucas Romero en el mediocampo<\/strong>. El Perro ya cumpli\u00f3 la suspensi\u00f3n por cinco amarillas y Lucas Pusineri deber\u00e1 decidir <strong>si sale Diego Mercado o si entre los dos formar\u00e1n un doble 5<\/strong>.<\/p>\n","protected":false},"excerpt":{"rendered":"<p>El plantel de Independiente tuvo un nuevo entrenamiento en Villa Dom\u00ednico, de cara el debut en la Copa de la Superliga ante V\u00e9lez. Los jugadores realizaron trabajos f\u00edsicos en el campo de juego, ejercicios t\u00e1cticos y ensayos de definici\u00f3n. Nuevamente se ausent\u00f3 Cecilio Dom\u00ednguez, quien guarda reposo por un cuadro gripal, mientras que Pablo Hern\u00e1ndez [&hellip;]<\/p>\n","protected":false},"author":8,"featured_media":87197,"comment_status":"open","ping_status":"closed","sticky":false,"template":"","format":"standard","meta":{"_links_to":"","_links_to_target":""},"categories":[3247,3],"tags":[4104,3381,26,2768,2106,172],"_links":{"self":[{"href":"https:\/\/www.locoxelrojo.com\/independiente\/wp-json\/wp\/v2\/posts\/87193"}],"collection":[{"href":"https:\/\/www.locoxelrojo.com\/independiente\/wp-json\/wp\/v2\/posts"}],"about":[{"href":"https:\/\/www.locoxelrojo.com\/independiente\/wp-json\/wp\/v2\/types\/post"}],"author":[{"embeddable":true,"href":"https:\/\/www.locoxelrojo.com\/independiente\/wp-json\/wp\/v2\/users\/8"}],"replies":[{"embeddable":true,"href":"https:\/\/www.locoxelrojo.com\/independiente\/wp-json\/wp\/v2\/comments?post=87193"}],"version-history":[{"count":0,"href":"https:\/\/www.locoxelrojo.com\/independiente\/wp-json\/wp\/v2\/posts\/87193\/revisions"}],"wp:featuredmedia":[{"embeddable":true,"href":"https:\/\/www.locoxelrojo.com\/independiente\/wp-json\/wp\/v2\/media\/87197"}],"wp:attachment":[{"href":"https:\/\/www.locoxelrojo.com\/independiente\/wp-json\/wp\/v2\/media?parent=87193"}],"wp:term":[{"taxonomy":"category","embeddable":true,"href":"https:\/\/www.locoxelrojo.com\/independiente\/wp-json\/wp\/v2\/categories?post=87193"},{"taxonomy":"post_tag","embeddable":true,"href":"https:\/\/www.locoxelrojo.com\/independiente\/wp-json\/wp\/v2\/tags?post=87193"}],"curies":[{"name":"wp","href":"https:\/\/api.w.org\/{rel}","templated":true}]}}