{"id":87224,"date":"2020-03-13T17:00:51","date_gmt":"2020-03-13T20:00:51","guid":{"rendered":"http:\/\/www.locoxelrojo.com\/independiente\/?p=87224"},"modified":"2020-03-13T17:53:17","modified_gmt":"2020-03-13T20:53:17","slug":"arranco-con-un-empate","status":"publish","type":"post","link":"https:\/\/www.locoxelrojo.com\/independiente\/2020\/03\/13\/arranco-con-un-empate\/","title":{"rendered":"Arranc\u00f3 con un empate"},"content":{"rendered":"<p><strong>En el comienzo de la Copa de la Superliga de Reserva, los dirigidos por Marcelo G\u00f3mez igualaron 2-2 con V\u00e9lez.<\/strong><\/p>\n<p>La Reserva del Rojo ven\u00eda de conseguir el segundo puesto en la Superliga, la cual se les escap\u00f3 por los malos manejos en el F\u00fatbol Profesional que derivaron en la utilizaci\u00f3n por parte de Lucas Pusineri a varios pibes que eran habituales titulares en esta categor\u00eda. Pero esa historia ya qued\u00f3 atr\u00e1s y <strong>en el arranque de la Copa de la Superliga consiguieron un empate contra el Fort\u00edn.<\/strong><\/p>\n<p><strong>Diego Segovia; Facundo Lando, Juan Di Lorenzo, Patricio Ostachuk, Alexis Gamarra; Ignacio Medina, Juan Pacchini, Tom\u00e1s Pozzo; Juan Da Rosa, Emanuel Mercado y Luciano Villalva<\/strong>, fueron los once que el Negro G\u00f3mez par\u00f3 en cancha. <strong>A los 15 minutos el Rojo ya estaba abajo en el marcador, pero 12&#8242; minutos m\u00e1s tarde, en una de las primeras aproximaciones al \u00e1rea rival, Da Rosa puso el 1-1 parcial.<\/strong><\/p>\n<p>En el complemento no hubo demasiadas situaciones y el partido parec\u00eda morir en ese marcador, sin embargo, <strong>sobre el cierre, Villalva marc\u00f3 el 2-1 pero incre\u00edblemente, y en tiempo adicionado, V\u00e9lez logr\u00f3 el empate ag\u00f3nico y el 2-2 final<\/strong>.<\/p>\n<p><iframe loading=\"lazy\" src=\"http:\/\/www.espn.com\/core\/video\/iframe?id=6760460&amp;endcard=false\" width=\"640\" height=\"360\" frameborder=\"0\" allowfullscreen=\"allowfullscreen\"><\/iframe><\/p>\n","protected":false},"excerpt":{"rendered":"<p>En el comienzo de la Copa de la Superliga de Reserva, los dirigidos por Marcelo G\u00f3mez igualaron 2-2 con V\u00e9lez. La Reserva del Rojo ven\u00eda de conseguir el segundo puesto en la Superliga, la cual se les escap\u00f3 por los malos manejos en el F\u00fatbol Profesional que derivaron en la utilizaci\u00f3n por parte de Lucas [&hellip;]<\/p>\n","protected":false},"author":1,"featured_media":87225,"comment_status":"open","ping_status":"closed","sticky":false,"template":"","format":"standard","meta":{"_links_to":"","_links_to_target":""},"categories":[3247,141],"tags":[153,4270,4142,4286,231,2722],"_links":{"self":[{"href":"https:\/\/www.locoxelrojo.com\/independiente\/wp-json\/wp\/v2\/posts\/87224"}],"collection":[{"href":"https:\/\/www.locoxelrojo.com\/independiente\/wp-json\/wp\/v2\/posts"}],"about":[{"href":"https:\/\/www.locoxelrojo.com\/independiente\/wp-json\/wp\/v2\/types\/post"}],"author":[{"embeddable":true,"href":"https:\/\/www.locoxelrojo.com\/independiente\/wp-json\/wp\/v2\/users\/1"}],"replies":[{"embeddable":true,"href":"https:\/\/www.locoxelrojo.com\/independiente\/wp-json\/wp\/v2\/comments?post=87224"}],"version-history":[{"count":0,"href":"https:\/\/www.locoxelrojo.com\/independiente\/wp-json\/wp\/v2\/posts\/87224\/revisions"}],"wp:featuredmedia":[{"embeddable":true,"href":"https:\/\/www.locoxelrojo.com\/independiente\/wp-json\/wp\/v2\/media\/87225"}],"wp:attachment":[{"href":"https:\/\/www.locoxelrojo.com\/independiente\/wp-json\/wp\/v2\/media?parent=87224"}],"wp:term":[{"taxonomy":"category","embeddable":true,"href":"https:\/\/www.locoxelrojo.com\/independiente\/wp-json\/wp\/v2\/categories?post=87224"},{"taxonomy":"post_tag","embeddable":true,"href":"https:\/\/www.locoxelrojo.com\/independiente\/wp-json\/wp\/v2\/tags?post=87224"}],"curies":[{"name":"wp","href":"https:\/\/api.w.org\/{rel}","templated":true}]}}