{"id":87272,"date":"2020-03-17T14:24:03","date_gmt":"2020-03-17T17:24:03","guid":{"rendered":"http:\/\/www.locoxelrojo.com\/independiente\/?p=87272"},"modified":"2020-03-17T15:00:36","modified_gmt":"2020-03-17T18:00:36","slug":"preocupacion-por-gaston-togni","status":"publish","type":"post","link":"https:\/\/www.locoxelrojo.com\/independiente\/2020\/03\/17\/preocupacion-por-gaston-togni\/","title":{"rendered":"Preocupaci\u00f3n por Gast\u00f3n Togni"},"content":{"rendered":"<p>El delantero de Independiente <strong>no pudo completar el entrenamiento de este martes y se retir\u00f3 muy dolorido<\/strong> luego de un choque en una disputa por el bal\u00f3n.<\/p>\n<p>El parte m\u00e9dico indica que el ex Defensa y Justicia <strong>sufri\u00f3 un esguince rotatorio de la rodilla izquierda, mismo lugar en donde fue operado por la rotura de ligamentos el a\u00f1o pasado,<\/strong> lesi\u00f3n que lo dej\u00f3 6 meses fuera de las canchas.<\/p>\n<p><strong>Por la tarde se le realizar\u00e1n nuevos estudios con im\u00e1genes para constatar la gravedad del dolor.<\/strong> Desde su vuelta al Rojo, Togni disput\u00f3 8 encuentros y a\u00fan no convirti\u00f3 goles.<\/p>\n","protected":false},"excerpt":{"rendered":"<p>El delantero de Independiente no pudo completar el entrenamiento de este martes y se retir\u00f3 muy dolorido luego de un choque en una disputa por el bal\u00f3n. El parte m\u00e9dico indica que el ex Defensa y Justicia sufri\u00f3 un esguince rotatorio de la rodilla izquierda, mismo lugar en donde fue operado por la rotura de [&hellip;]<\/p>\n","protected":false},"author":101017,"featured_media":85320,"comment_status":"open","ping_status":"closed","sticky":false,"template":"","format":"standard","meta":{"_links_to":"","_links_to_target":""},"categories":[3247,3],"tags":[153,26,3166,4508],"_links":{"self":[{"href":"https:\/\/www.locoxelrojo.com\/independiente\/wp-json\/wp\/v2\/posts\/87272"}],"collection":[{"href":"https:\/\/www.locoxelrojo.com\/independiente\/wp-json\/wp\/v2\/posts"}],"about":[{"href":"https:\/\/www.locoxelrojo.com\/independiente\/wp-json\/wp\/v2\/types\/post"}],"author":[{"embeddable":true,"href":"https:\/\/www.locoxelrojo.com\/independiente\/wp-json\/wp\/v2\/users\/101017"}],"replies":[{"embeddable":true,"href":"https:\/\/www.locoxelrojo.com\/independiente\/wp-json\/wp\/v2\/comments?post=87272"}],"version-history":[{"count":0,"href":"https:\/\/www.locoxelrojo.com\/independiente\/wp-json\/wp\/v2\/posts\/87272\/revisions"}],"wp:featuredmedia":[{"embeddable":true,"href":"https:\/\/www.locoxelrojo.com\/independiente\/wp-json\/wp\/v2\/media\/85320"}],"wp:attachment":[{"href":"https:\/\/www.locoxelrojo.com\/independiente\/wp-json\/wp\/v2\/media?parent=87272"}],"wp:term":[{"taxonomy":"category","embeddable":true,"href":"https:\/\/www.locoxelrojo.com\/independiente\/wp-json\/wp\/v2\/categories?post=87272"},{"taxonomy":"post_tag","embeddable":true,"href":"https:\/\/www.locoxelrojo.com\/independiente\/wp-json\/wp\/v2\/tags?post=87272"}],"curies":[{"name":"wp","href":"https:\/\/api.w.org\/{rel}","templated":true}]}}