{"id":87312,"date":"2020-03-23T18:00:44","date_gmt":"2020-03-23T21:00:44","guid":{"rendered":"http:\/\/www.locoxelrojo.com\/independiente\/?p=87312"},"modified":"2020-03-24T01:06:29","modified_gmt":"2020-03-24T04:06:29","slug":"garnero-revelo-la-incidencia-de-burruchaga-en-sus-inicios-como-entrenador","status":"publish","type":"post","link":"https:\/\/www.locoxelrojo.com\/independiente\/2020\/03\/23\/garnero-revelo-la-incidencia-de-burruchaga-en-sus-inicios-como-entrenador\/","title":{"rendered":"Garnero revel\u00f3 la incidencia de Burruchaga en sus inicios como entrenador"},"content":{"rendered":"<p>El actual director t\u00e9cnico de Olimpia de Paraguay fue entrevistado por Ol\u00e9 y cont\u00f3 una an\u00e9cdota que incluye al actual manager de Independiente: <strong>&#8220;Burruchaga precisaba un t\u00e9cnico para el Selectivo de Arsenal. Siempre le dije que no, pero un d\u00eda me agarr\u00f3 con mucho champagne encima y le dije que s\u00ed&#8221;<\/strong>.<\/p>\n<p>El ex 10 del Rojo tambi\u00e9n coment\u00f3 lo azaroso de sus comienzos en la profesi\u00f3n: <strong>&#8220;Un amigo empez\u00f3 a hacer el curso de t\u00e9cnico y yo fui para salir un poco de mi casa&#8221;<\/strong>. Y complet\u00f3: <strong>&#8220;Despu\u00e9s fue cambiando la visi\u00f3n que yo ten\u00eda de la profesi\u00f3n, aprend\u00ed a disfrutar&#8221;<\/strong>.<\/p>\n<p>El paso como entrenador por Independiente de Dani fue traum\u00e1tico y lo reafirm\u00f3 en esta entrevista. <strong>&#8220;Fue de lo peor que me pas\u00f3 desde que empec\u00e9 a jugar hasta hoy. En un momento pens\u00e9 en no seguir en el f\u00fatbol&#8221;<\/strong>, detall\u00f3 quien dirigi\u00f3 al Rojo en 2010 y se fue con una victoria en nueve encuentros.<\/p>\n<p>Sin embargo, a pesar del mal recuerdo, dej\u00f3 en claro su cari\u00f1o por el Rey de Copas: <strong>&#8220;Si en alg\u00fan momento decido regresar (a Argentina), la prioridad la tendr\u00e1 Independiente&#8221;<\/strong>.<\/p>\n<p>Para cerrar, Garnero le dedic\u00f3 afectuosas palabras a Jos\u00e9 Omar Pastoriza: <strong>&#8220;A m\u00ed me marc\u00f3 much\u00edsimo, sacaba lo mejor de cada uno&#8221;<\/strong>. Y concluy\u00f3: <strong>&#8220;Si yo hoy priorizo tratar de estar mejor con el que no juega que con el que juega, mucho tiene que ver Pastoriza&#8221;<\/strong>.<\/p>\n","protected":false},"excerpt":{"rendered":"<p>El actual director t\u00e9cnico de Olimpia de Paraguay fue entrevistado por Ol\u00e9 y cont\u00f3 una an\u00e9cdota que incluye al actual manager de Independiente: &#8220;Burruchaga precisaba un t\u00e9cnico para el Selectivo de Arsenal. Siempre le dije que no, pero un d\u00eda me agarr\u00f3 con mucho champagne encima y le dije que s\u00ed&#8221;. El ex 10 del [&hellip;]<\/p>\n","protected":false},"author":101016,"featured_media":87313,"comment_status":"open","ping_status":"closed","sticky":false,"template":"","format":"standard","meta":{"_links_to":"","_links_to_target":""},"categories":[3280,3247],"tags":[30,1580,2477],"_links":{"self":[{"href":"https:\/\/www.locoxelrojo.com\/independiente\/wp-json\/wp\/v2\/posts\/87312"}],"collection":[{"href":"https:\/\/www.locoxelrojo.com\/independiente\/wp-json\/wp\/v2\/posts"}],"about":[{"href":"https:\/\/www.locoxelrojo.com\/independiente\/wp-json\/wp\/v2\/types\/post"}],"author":[{"embeddable":true,"href":"https:\/\/www.locoxelrojo.com\/independiente\/wp-json\/wp\/v2\/users\/101016"}],"replies":[{"embeddable":true,"href":"https:\/\/www.locoxelrojo.com\/independiente\/wp-json\/wp\/v2\/comments?post=87312"}],"version-history":[{"count":0,"href":"https:\/\/www.locoxelrojo.com\/independiente\/wp-json\/wp\/v2\/posts\/87312\/revisions"}],"wp:featuredmedia":[{"embeddable":true,"href":"https:\/\/www.locoxelrojo.com\/independiente\/wp-json\/wp\/v2\/media\/87313"}],"wp:attachment":[{"href":"https:\/\/www.locoxelrojo.com\/independiente\/wp-json\/wp\/v2\/media?parent=87312"}],"wp:term":[{"taxonomy":"category","embeddable":true,"href":"https:\/\/www.locoxelrojo.com\/independiente\/wp-json\/wp\/v2\/categories?post=87312"},{"taxonomy":"post_tag","embeddable":true,"href":"https:\/\/www.locoxelrojo.com\/independiente\/wp-json\/wp\/v2\/tags?post=87312"}],"curies":[{"name":"wp","href":"https:\/\/api.w.org\/{rel}","templated":true}]}}