{"id":87326,"date":"2020-03-26T00:05:07","date_gmt":"2020-03-26T03:05:07","guid":{"rendered":"http:\/\/www.locoxelrojo.com\/independiente\/?p=87326"},"modified":"2020-03-26T11:34:34","modified_gmt":"2020-03-26T14:34:34","slug":"feliz-dia-hinchas-de-independiente","status":"publish","type":"post","link":"https:\/\/www.locoxelrojo.com\/independiente\/2020\/03\/26\/feliz-dia-hinchas-de-independiente\/","title":{"rendered":"\u00a1Feliz D\u00eda, hinchas de Independiente!"},"content":{"rendered":"<p>El pueblo rojo est\u00e1 de festejo. <strong>El hincha de Independiente celebra hoy un nuevo aniversario de una proeza nunca antes vista<\/strong>. Por ese motivo, saludamos a todos en este d\u00eda tan especial.<\/p>\n<p>Quiz\u00e1s este a\u00f1o la fiesta no pueda ser de la manera que nos gustar\u00eda a todos. Alentando desde la tribuna en el Libertadores de Am\u00e9rica o compartiendo un momento con la familia y amigos. <strong>El 2020 nos toca brindar desde nuestras casas, a conciencia, porque hoy por hoy tenemos un partido mucho m\u00e1s importante que ganar<\/strong>.<\/p>\n<p>Sin embargo <strong>vale recordar el hito por el cual los hinchas de Independiente celebran su d\u00eda un 26 de marzo<\/strong>. En conmemoraci\u00f3n por los primeros 100 a\u00f1os del club, un grupo de hinchas dio inicio a <strong>la Caravana del Centenario<\/strong>. La misma se iba a llevar a cabo el 1 de enero de 2005 pero por la tragedia en Rep\u00fablica de Croma\u00f1\u00f3n d\u00edas antes, la fecha se pospuso.<\/p>\n<p><strong>El d\u00eda elegido fue el 26 de marzo<\/strong>. \u00bfEl punto de partida? <strong>La esquina de Per\u00fa e Hip\u00f3lito Yrigoyen<\/strong>, donde naci\u00f3 originalmente Independiente. Pero <strong>lo sorprendente fueron los 100.000 hinchas que coparon las calles y marcharon hasta la sede de Avellaneda. \u00a1Inolvidable!<\/strong><\/p>\n<p>A 15 a\u00f1os de ese d\u00eda hist\u00f3rico que muchos clubes quisieron imitar pero ninguno pudo igualar, les deseamos a todos los hinchas del Rey de Copas un feliz d\u00eda.<\/p>\n","protected":false},"excerpt":{"rendered":"<p>El pueblo rojo est\u00e1 de festejo. El hincha de Independiente celebra hoy un nuevo aniversario de una proeza nunca antes vista. Por ese motivo, saludamos a todos en este d\u00eda tan especial. Quiz\u00e1s este a\u00f1o la fiesta no pueda ser de la manera que nos gustar\u00eda a todos. Alentando desde la tribuna en el Libertadores [&hellip;]<\/p>\n","protected":false},"author":19,"featured_media":87328,"comment_status":"open","ping_status":"closed","sticky":false,"template":"","format":"standard","meta":{"_links_to":"","_links_to_target":""},"categories":[3247,4],"tags":[2053,153],"_links":{"self":[{"href":"https:\/\/www.locoxelrojo.com\/independiente\/wp-json\/wp\/v2\/posts\/87326"}],"collection":[{"href":"https:\/\/www.locoxelrojo.com\/independiente\/wp-json\/wp\/v2\/posts"}],"about":[{"href":"https:\/\/www.locoxelrojo.com\/independiente\/wp-json\/wp\/v2\/types\/post"}],"author":[{"embeddable":true,"href":"https:\/\/www.locoxelrojo.com\/independiente\/wp-json\/wp\/v2\/users\/19"}],"replies":[{"embeddable":true,"href":"https:\/\/www.locoxelrojo.com\/independiente\/wp-json\/wp\/v2\/comments?post=87326"}],"version-history":[{"count":0,"href":"https:\/\/www.locoxelrojo.com\/independiente\/wp-json\/wp\/v2\/posts\/87326\/revisions"}],"wp:featuredmedia":[{"embeddable":true,"href":"https:\/\/www.locoxelrojo.com\/independiente\/wp-json\/wp\/v2\/media\/87328"}],"wp:attachment":[{"href":"https:\/\/www.locoxelrojo.com\/independiente\/wp-json\/wp\/v2\/media?parent=87326"}],"wp:term":[{"taxonomy":"category","embeddable":true,"href":"https:\/\/www.locoxelrojo.com\/independiente\/wp-json\/wp\/v2\/categories?post=87326"},{"taxonomy":"post_tag","embeddable":true,"href":"https:\/\/www.locoxelrojo.com\/independiente\/wp-json\/wp\/v2\/tags?post=87326"}],"curies":[{"name":"wp","href":"https:\/\/api.w.org\/{rel}","templated":true}]}}