{"id":87405,"date":"2020-04-01T16:35:58","date_gmt":"2020-04-01T19:35:58","guid":{"rendered":"http:\/\/www.locoxelrojo.com\/independiente\/?p=87405"},"modified":"2020-04-01T16:37:55","modified_gmt":"2020-04-01T19:37:55","slug":"rojos-por-el-mundo-van-dijk-distinguio-a-aguero","status":"publish","type":"post","link":"https:\/\/www.locoxelrojo.com\/independiente\/2020\/04\/01\/rojos-por-el-mundo-van-dijk-distinguio-a-aguero\/","title":{"rendered":"Rojos por el Mundo: Van Dijk distingui\u00f3 a Ag\u00fcero"},"content":{"rendered":"<p>El holand\u00e9s <strong>Virgil Van Dijk<\/strong>, uno de los mejores defensores del mundo y campe\u00f3n de la Champions League con Liverpool, realiz\u00f3 una confesi\u00f3n que involucra a <strong>Sergio Ag\u00fcero<\/strong>.<\/p>\n<p>Es que sin f\u00fatbol por el Coronavirus, el marcador central tuvo la idea de responder preguntas del p\u00fablico en su cuenta de Twitter y una de ellas fue <strong>cu\u00e1l es el futbolista rival al que m\u00e1s le cost\u00f3 marcar. All\u00ed respondi\u00f3: &#8220;Ag\u00fcero&#8221;<\/strong>.<\/p>\n<blockquote class=\"twitter-tweet\">\n<p dir=\"ltr\" lang=\"es\">Aguero<\/p>\n<p>\u2014 Virgil van Dijk (@VirgilvDijk) <a href=\"https:\/\/twitter.com\/VirgilvDijk\/status\/1245053264342777856?ref_src=twsrc%5Etfw\">March 31, 2020<\/a><\/p><\/blockquote>\n<p><script async src=\"https:\/\/platform.twitter.com\/widgets.js\" charset=\"utf-8\"><\/script><\/p>\n<p>El Kun es el m\u00e1ximo goleador extranjero de la historia de la Premier League y sigue dando que hablar por su calidad y sus goles. Esta vez, <strong>el elogio fue de quien integr\u00f3 el 11 ideal del 2019 seg\u00fan la FIFA y fue reconocido por la UEFA como mejor defensor de ese mismo a\u00f1o<\/strong>.<\/p>\n","protected":false},"excerpt":{"rendered":"<p>El holand\u00e9s Virgil Van Dijk, uno de los mejores defensores del mundo y campe\u00f3n de la Champions League con Liverpool, realiz\u00f3 una confesi\u00f3n que involucra a Sergio Ag\u00fcero. Es que sin f\u00fatbol por el Coronavirus, el marcador central tuvo la idea de responder preguntas del p\u00fablico en su cuenta de Twitter y una de ellas [&hellip;]<\/p>\n","protected":false},"author":101014,"featured_media":87406,"comment_status":"open","ping_status":"closed","sticky":false,"template":"","format":"standard","meta":{"_links_to":"","_links_to_target":""},"categories":[2043,3247],"tags":[153,1752,950,3277,143,4522],"_links":{"self":[{"href":"https:\/\/www.locoxelrojo.com\/independiente\/wp-json\/wp\/v2\/posts\/87405"}],"collection":[{"href":"https:\/\/www.locoxelrojo.com\/independiente\/wp-json\/wp\/v2\/posts"}],"about":[{"href":"https:\/\/www.locoxelrojo.com\/independiente\/wp-json\/wp\/v2\/types\/post"}],"author":[{"embeddable":true,"href":"https:\/\/www.locoxelrojo.com\/independiente\/wp-json\/wp\/v2\/users\/101014"}],"replies":[{"embeddable":true,"href":"https:\/\/www.locoxelrojo.com\/independiente\/wp-json\/wp\/v2\/comments?post=87405"}],"version-history":[{"count":0,"href":"https:\/\/www.locoxelrojo.com\/independiente\/wp-json\/wp\/v2\/posts\/87405\/revisions"}],"wp:featuredmedia":[{"embeddable":true,"href":"https:\/\/www.locoxelrojo.com\/independiente\/wp-json\/wp\/v2\/media\/87406"}],"wp:attachment":[{"href":"https:\/\/www.locoxelrojo.com\/independiente\/wp-json\/wp\/v2\/media?parent=87405"}],"wp:term":[{"taxonomy":"category","embeddable":true,"href":"https:\/\/www.locoxelrojo.com\/independiente\/wp-json\/wp\/v2\/categories?post=87405"},{"taxonomy":"post_tag","embeddable":true,"href":"https:\/\/www.locoxelrojo.com\/independiente\/wp-json\/wp\/v2\/tags?post=87405"}],"curies":[{"name":"wp","href":"https:\/\/api.w.org\/{rel}","templated":true}]}}