{"id":87408,"date":"2020-04-02T10:31:19","date_gmt":"2020-04-02T13:31:19","guid":{"rendered":"http:\/\/www.locoxelrojo.com\/independiente\/?p=87408"},"modified":"2020-04-02T17:21:36","modified_gmt":"2020-04-02T20:21:36","slug":"parra-se-disculpo-con-leguizamon-y-zapata","status":"publish","type":"post","link":"https:\/\/www.locoxelrojo.com\/independiente\/2020\/04\/02\/parra-se-disculpo-con-leguizamon-y-zapata\/","title":{"rendered":"Parra se disculp\u00f3 con Leguizam\u00f3n y Zapata"},"content":{"rendered":"<p>Luego de mandar al frente a dos exfutbolistas de Independiente, acusados de fingir lesiones para no jugar en la temporada previa al descenso,\u00a0<strong>Facundo Parra<\/strong> sali\u00f3 a pedirles disculpas p\u00fablicamente.<\/p>\n<p>Durante la entrevista que De La Cuna al Infierno le hizo a Hern\u00e1n Fredes, el mediocampista hab\u00eda dicho que <a href=\"https:\/\/www.locoxelrojo.com\/independiente\/2020\/04\/01\/fredes-habia-jugadores-que-se-hacian-los-lesionados-para-no-jugar\/\"><strong>&#8220;hab\u00eda jugadores que se hac\u00edan los lesionados para no jugar&#8221;<\/strong><\/a>. Y el delantero, que segu\u00eda la charla en vivo, hizo alusi\u00f3n a dos jugadores.<\/p>\n<p><a href=\"https:\/\/www.locoxelrojo.com\/independiente\/wp-content\/uploads\/2020\/04\/parra-zapata.jpg\"><img loading=\"lazy\" class=\"aligncenter wp-image-87399\" src=\"https:\/\/www.locoxelrojo.com\/independiente\/wp-content\/uploads\/2020\/04\/parra-zapata.jpg\" alt=\"\" width=\"706\" height=\"224\" srcset=\"https:\/\/locoxelrojo.com\/independiente\/wp-content\/uploads\/2020\/04\/parra-zapata.jpg 536w, https:\/\/locoxelrojo.com\/independiente\/wp-content\/uploads\/2020\/04\/parra-zapata-300x95.jpg 300w, https:\/\/locoxelrojo.com\/independiente\/wp-content\/uploads\/2020\/04\/parra-zapata-533x170.jpg 533w, https:\/\/locoxelrojo.com\/independiente\/wp-content\/uploads\/2020\/04\/parra-zapata-534x170.jpg 534w, https:\/\/locoxelrojo.com\/independiente\/wp-content\/uploads\/2020\/04\/parra-zapata-128x41.jpg 128w, https:\/\/locoxelrojo.com\/independiente\/wp-content\/uploads\/2020\/04\/parra-zapata-32x10.jpg 32w\" sizes=\"(max-width: 706px) 100vw, 706px\" \/><\/a><\/p>\n<p><a href=\"https:\/\/www.locoxelrojo.com\/independiente\/wp-content\/uploads\/2020\/04\/fredes-parra-ig.jpg\"><img loading=\"lazy\" class=\"aligncenter size-full wp-image-87397\" src=\"https:\/\/www.locoxelrojo.com\/independiente\/wp-content\/uploads\/2020\/04\/fredes-parra-ig.jpg\" alt=\"\" width=\"750\" height=\"450\" srcset=\"https:\/\/locoxelrojo.com\/independiente\/wp-content\/uploads\/2020\/04\/fredes-parra-ig.jpg 750w, https:\/\/locoxelrojo.com\/independiente\/wp-content\/uploads\/2020\/04\/fredes-parra-ig-300x180.jpg 300w, https:\/\/locoxelrojo.com\/independiente\/wp-content\/uploads\/2020\/04\/fredes-parra-ig-696x418.jpg 696w, https:\/\/locoxelrojo.com\/independiente\/wp-content\/uploads\/2020\/04\/fredes-parra-ig-700x420.jpg 700w, https:\/\/locoxelrojo.com\/independiente\/wp-content\/uploads\/2020\/04\/fredes-parra-ig-128x77.jpg 128w, https:\/\/locoxelrojo.com\/independiente\/wp-content\/uploads\/2020\/04\/fredes-parra-ig-32x19.jpg 32w\" sizes=\"(max-width: 750px) 100vw, 750px\" \/><\/a><\/p>\n<p><strong>&#8220;Quiero pedirle disculpas a (Luciano) Leguizam\u00f3n y a (V\u00edctor) Zapata por lo que escrib\u00ed. Me mand\u00e9 una cagada porque se arm\u00f3 una revoluci\u00f3n de esto. Mis palabras son mis palabras. Yo pens\u00e9 que era una charla relajada y habl\u00e9 pelotudeces. Yo no quiero se\u00f1alar a nadie. Lo que escrib\u00ed lo escrib\u00ed\u201d<\/strong>, explic\u00f3 Parra en Closs Continental.<\/p>\n<p>Y luego, agreg\u00f3: <strong>&#8220;Quiero desligar a Fredes de esto, que ni siquiera dio nombres. El boludo fui yo. De hecho yo ni siquiera estuve en ese plantel. Pero ellos se lo pueden llegar a tomar mal y por eso quer\u00eda aclararlo&#8221;<\/strong>.<\/p>\n","protected":false},"excerpt":{"rendered":"<p>Luego de mandar al frente a dos exfutbolistas de Independiente, acusados de fingir lesiones para no jugar en la temporada previa al descenso,\u00a0Facundo Parra sali\u00f3 a pedirles disculpas p\u00fablicamente. Durante la entrevista que De La Cuna al Infierno le hizo a Hern\u00e1n Fredes, el mediocampista hab\u00eda dicho que &#8220;hab\u00eda jugadores que se hac\u00edan los lesionados [&hellip;]<\/p>\n","protected":false},"author":19,"featured_media":87409,"comment_status":"open","ping_status":"closed","sticky":false,"template":"","format":"standard","meta":{"_links_to":"","_links_to_target":""},"categories":[3280,3247],"tags":[153,36,71],"_links":{"self":[{"href":"https:\/\/www.locoxelrojo.com\/independiente\/wp-json\/wp\/v2\/posts\/87408"}],"collection":[{"href":"https:\/\/www.locoxelrojo.com\/independiente\/wp-json\/wp\/v2\/posts"}],"about":[{"href":"https:\/\/www.locoxelrojo.com\/independiente\/wp-json\/wp\/v2\/types\/post"}],"author":[{"embeddable":true,"href":"https:\/\/www.locoxelrojo.com\/independiente\/wp-json\/wp\/v2\/users\/19"}],"replies":[{"embeddable":true,"href":"https:\/\/www.locoxelrojo.com\/independiente\/wp-json\/wp\/v2\/comments?post=87408"}],"version-history":[{"count":0,"href":"https:\/\/www.locoxelrojo.com\/independiente\/wp-json\/wp\/v2\/posts\/87408\/revisions"}],"wp:featuredmedia":[{"embeddable":true,"href":"https:\/\/www.locoxelrojo.com\/independiente\/wp-json\/wp\/v2\/media\/87409"}],"wp:attachment":[{"href":"https:\/\/www.locoxelrojo.com\/independiente\/wp-json\/wp\/v2\/media?parent=87408"}],"wp:term":[{"taxonomy":"category","embeddable":true,"href":"https:\/\/www.locoxelrojo.com\/independiente\/wp-json\/wp\/v2\/categories?post=87408"},{"taxonomy":"post_tag","embeddable":true,"href":"https:\/\/www.locoxelrojo.com\/independiente\/wp-json\/wp\/v2\/tags?post=87408"}],"curies":[{"name":"wp","href":"https:\/\/api.w.org\/{rel}","templated":true}]}}