{"id":87445,"date":"2020-04-06T17:35:31","date_gmt":"2020-04-06T20:35:31","guid":{"rendered":"http:\/\/www.locoxelrojo.com\/independiente\/?p=87445"},"modified":"2020-04-06T21:46:25","modified_gmt":"2020-04-07T00:46:25","slug":"gabbarini-revelo-fuertes-peleas-con-comparada-y-cantero","status":"publish","type":"post","link":"https:\/\/www.locoxelrojo.com\/independiente\/2020\/04\/06\/gabbarini-revelo-fuertes-peleas-con-comparada-y-cantero\/","title":{"rendered":"Gabbarini revel\u00f3 fuertes peleas con Comparada y Cantero"},"content":{"rendered":"<p><strong>Adri\u00e1n Gabbarini<\/strong> revel\u00f3 que durante su etapa en Independiente tuvo fuertes discusiones con los presidentes Julio Comparada y Javier Cantero.<\/p>\n<p>El arquero surgido en la cantera roja, hoy en Liga de Quito, sorprendi\u00f3 a todos al contar que tuvo <strong>dos peleas con las m\u00e1ximas autoridades del club<\/strong> en aquellos tiempos. Seg\u00fan su relato, se estima que la primera fue en el a\u00f1o 2008 con Comparada y la segunda, con Cantero en 2013.<\/p>\n<p><strong>&#8220;Comparada me vino con una oferta de Uni\u00f3n, en donde iba a cobrar cuatro veces m\u00e1s. Le dije que yo quer\u00eda quedarme en Independiente. Julio me dijo &#8216;Te ten\u00e9s confianza, pendejo&#8217; y le contest\u00e9 &#8216;Obvio que me tengo confianza. \u00bfY vos cu\u00e1ndo vas a terminar la cancha? Cuando vos la termines, yo voy a ser el arquero titular ese d\u00eda&#8221;<\/strong>, confes\u00f3 en charla con Muy Independiente.<\/p>\n<p>A\u00f1os despu\u00e9s, lleg\u00f3 la otra discusi\u00f3n con el sucesor de Comparada. <strong>&#8220;Yo quedaba libre, se me termin\u00f3 mi contrato y, al haber cuatro arqueros, tuvimos que salir Hilario Navarro y yo. Cantero no nos quiso dejar entrar al club. Yo le dije que \u00e9l no me pod\u00eda hacer eso porque yo estaba en Independiente hace 12 a\u00f1os y casi nos vamos a las manos&#8221;<\/strong>, record\u00f3.<\/p>\n<p>Sacando los malos momentos de lado, Gabbarini se mostr\u00f3 muy agradecido con Miguel \u00c1ngel Santoro, formador de varios arqueros en Inferiores. <b>&#8220;Nos hac\u00eda entrenar a las siete de la ma\u00f1ana y segu\u00edamos hasta las nueve. Despu\u00e9s, nos \u00edbamos con nuestras divisiones, as\u00ed que est\u00e1bamos hasta las 12 del mediod\u00eda. Pep\u00e9 se quedaba en el club hasta las cuatro de la tarde. Toda esa camada de arqueros le debemos much\u00edsimo a \u00e9l porque siempre estaba para nosotros&#8221;<\/b>, cerr\u00f3.<\/p>\n","protected":false},"excerpt":{"rendered":"<p>Adri\u00e1n Gabbarini revel\u00f3 que durante su etapa en Independiente tuvo fuertes discusiones con los presidentes Julio Comparada y Javier Cantero. El arquero surgido en la cantera roja, hoy en Liga de Quito, sorprendi\u00f3 a todos al contar que tuvo dos peleas con las m\u00e1ximas autoridades del club en aquellos tiempos. Seg\u00fan su relato, se estima [&hellip;]<\/p>\n","protected":false},"author":8,"featured_media":83197,"comment_status":"open","ping_status":"closed","sticky":false,"template":"","format":"standard","meta":{"_links_to":"","_links_to_target":""},"categories":[3280,3247],"tags":[77,153,723,33],"_links":{"self":[{"href":"https:\/\/www.locoxelrojo.com\/independiente\/wp-json\/wp\/v2\/posts\/87445"}],"collection":[{"href":"https:\/\/www.locoxelrojo.com\/independiente\/wp-json\/wp\/v2\/posts"}],"about":[{"href":"https:\/\/www.locoxelrojo.com\/independiente\/wp-json\/wp\/v2\/types\/post"}],"author":[{"embeddable":true,"href":"https:\/\/www.locoxelrojo.com\/independiente\/wp-json\/wp\/v2\/users\/8"}],"replies":[{"embeddable":true,"href":"https:\/\/www.locoxelrojo.com\/independiente\/wp-json\/wp\/v2\/comments?post=87445"}],"version-history":[{"count":0,"href":"https:\/\/www.locoxelrojo.com\/independiente\/wp-json\/wp\/v2\/posts\/87445\/revisions"}],"wp:featuredmedia":[{"embeddable":true,"href":"https:\/\/www.locoxelrojo.com\/independiente\/wp-json\/wp\/v2\/media\/83197"}],"wp:attachment":[{"href":"https:\/\/www.locoxelrojo.com\/independiente\/wp-json\/wp\/v2\/media?parent=87445"}],"wp:term":[{"taxonomy":"category","embeddable":true,"href":"https:\/\/www.locoxelrojo.com\/independiente\/wp-json\/wp\/v2\/categories?post=87445"},{"taxonomy":"post_tag","embeddable":true,"href":"https:\/\/www.locoxelrojo.com\/independiente\/wp-json\/wp\/v2\/tags?post=87445"}],"curies":[{"name":"wp","href":"https:\/\/api.w.org\/{rel}","templated":true}]}}