{"id":87459,"date":"2020-04-07T19:58:38","date_gmt":"2020-04-07T22:58:38","guid":{"rendered":"http:\/\/www.locoxelrojo.com\/independiente\/?p=87459"},"modified":"2020-04-08T01:04:53","modified_gmt":"2020-04-08T04:04:53","slug":"barco-me-apure-en-irme-me-hubiera-gustado-jugar-la-libertadores","status":"publish","type":"post","link":"https:\/\/www.locoxelrojo.com\/independiente\/2020\/04\/07\/barco-me-apure-en-irme-me-hubiera-gustado-jugar-la-libertadores\/","title":{"rendered":"Barco: &#8220;Me apur\u00e9 en irme, me hubiera gustado jugar la Libertadores&#8221;"},"content":{"rendered":"<p><strong>Ezequiel Barco<\/strong> confes\u00f3 que se fue demasiado pronto de Independiente y que le qued\u00f3 la espina de no haber jugado la Copa Libertadores 2018.<\/p>\n<p><strong>&#8220;Me gustar\u00eda volver a Independiente. El Rojo me dio mucho, desde la pensi\u00f3n. Creo que me apur\u00e9 en irme. Me hubiera gustado jugar la Libertadores. Con el tiempo creo que me fui temprano&#8221;<\/strong>, reconoci\u00f3 el autor del gol que consagr\u00f3 al Rey de Copas en el Maracan\u00e1.<\/p>\n<p><strong>&#8220;En ese momento quer\u00eda seguir progresando. Atlanta mostr\u00f3 mucho inter\u00e9s y aprovech\u00e9&#8221;<\/strong>, admiti\u00f3 sobre la transferencia que se dio a fines de 2017. Al respecto, cont\u00f3 c\u00f3mo pasa sus d\u00edas en Estados Unidos y sus proyectos a futuro: <strong>&#8220;La MLS est\u00e1 a la altura. Es divertida. El d\u00eda de ma\u00f1ana quiero jugar en Europa. Este es un trampol\u00edn para cumplir el sue\u00f1o&#8221;<\/strong>.<\/p>\n<p>Como era de esperarse, Barco fue consultado por el tema del momento: el regreso de Sergio Ag\u00fcero al Rojo. Si bien tienen buena relaci\u00f3n, no se prendi\u00f3 en la pol\u00e9mica. <strong>&#8220;Con el Kun hablo por Instagram, pero no del retorno a Independiente&#8221;<\/strong>, cerr\u00f3 en charla con <em>De F\u00fatbol Se Habla As\u00ed<\/em>.<\/p>\n","protected":false},"excerpt":{"rendered":"<p>Ezequiel Barco confes\u00f3 que se fue demasiado pronto de Independiente y que le qued\u00f3 la espina de no haber jugado la Copa Libertadores 2018. &#8220;Me gustar\u00eda volver a Independiente. El Rojo me dio mucho, desde la pensi\u00f3n. Creo que me apur\u00e9 en irme. Me hubiera gustado jugar la Libertadores. Con el tiempo creo que me [&hellip;]<\/p>\n","protected":false},"author":8,"featured_media":86042,"comment_status":"open","ping_status":"closed","sticky":false,"template":"","format":"standard","meta":{"_links_to":"","_links_to_target":""},"categories":[3280,3247],"tags":[3215],"_links":{"self":[{"href":"https:\/\/www.locoxelrojo.com\/independiente\/wp-json\/wp\/v2\/posts\/87459"}],"collection":[{"href":"https:\/\/www.locoxelrojo.com\/independiente\/wp-json\/wp\/v2\/posts"}],"about":[{"href":"https:\/\/www.locoxelrojo.com\/independiente\/wp-json\/wp\/v2\/types\/post"}],"author":[{"embeddable":true,"href":"https:\/\/www.locoxelrojo.com\/independiente\/wp-json\/wp\/v2\/users\/8"}],"replies":[{"embeddable":true,"href":"https:\/\/www.locoxelrojo.com\/independiente\/wp-json\/wp\/v2\/comments?post=87459"}],"version-history":[{"count":0,"href":"https:\/\/www.locoxelrojo.com\/independiente\/wp-json\/wp\/v2\/posts\/87459\/revisions"}],"wp:featuredmedia":[{"embeddable":true,"href":"https:\/\/www.locoxelrojo.com\/independiente\/wp-json\/wp\/v2\/media\/86042"}],"wp:attachment":[{"href":"https:\/\/www.locoxelrojo.com\/independiente\/wp-json\/wp\/v2\/media?parent=87459"}],"wp:term":[{"taxonomy":"category","embeddable":true,"href":"https:\/\/www.locoxelrojo.com\/independiente\/wp-json\/wp\/v2\/categories?post=87459"},{"taxonomy":"post_tag","embeddable":true,"href":"https:\/\/www.locoxelrojo.com\/independiente\/wp-json\/wp\/v2\/tags?post=87459"}],"curies":[{"name":"wp","href":"https:\/\/api.w.org\/{rel}","templated":true}]}}