{"id":87473,"date":"2020-04-09T00:00:19","date_gmt":"2020-04-09T03:00:19","guid":{"rendered":"http:\/\/www.locoxelrojo.com\/independiente\/?p=87473"},"modified":"2020-04-09T12:04:56","modified_gmt":"2020-04-09T15:04:56","slug":"se-cumplen-25-anos-de-la-obtencion-de-la-recopa","status":"publish","type":"post","link":"https:\/\/www.locoxelrojo.com\/independiente\/2020\/04\/09\/se-cumplen-25-anos-de-la-obtencion-de-la-recopa\/","title":{"rendered":"Se cumplen 25 a\u00f1os de la obtenci\u00f3n de la Recopa"},"content":{"rendered":"<p><strong>Un 9 de abril de 1995,\u00a0Independiente se consagr\u00f3 por primera y \u00fanica vez como campe\u00f3n de la Recopa Sudamericana<\/strong>.<\/p>\n<p>El encuentro que se disput\u00f3 a partido \u00fanico en Tokio, Jap\u00f3n, reuni\u00f3 a los ganadores de la Copa Libertadores y Supercopa de 1994. <strong>El V\u00e9lez de Carlos Bianchi por un lado y el Rojo de Miguel Brindisi por el otro<\/strong>.<\/p>\n<p>Aquella final, que cruz\u00f3 por primera vez en ese certamen a dos equipos argentinos, tuvo la particularidad que ninguno de los dos jugaron con sponsors en sus camisetas.<\/p>\n<p>Los once que par\u00f3 el DT del Rey de Copas form\u00f3 con: <strong>Luis Islas; Carlos Ram\u00edrez, Claudio Arzeno, Jos\u00e9 Serrizuela, Guillermo R\u00edos; Diego Cagna, Ra\u00fal Cascini, Daniel Garnero; Jorge Burruchaga; Sebasti\u00e1n Rambert y Alveiro Usuriaga<\/strong>. Luego ingresaron Pablo Rotchen, Gustavo L\u00f3pez y Tony G\u00f3mez.<\/p>\n<p><a href=\"https:\/\/www.locoxelrojo.com\/independiente\/wp-content\/uploads\/2020\/04\/recopa-1995-equipo-cai.jpg\"><img loading=\"lazy\" class=\"aligncenter size-full wp-image-87472\" src=\"https:\/\/www.locoxelrojo.com\/independiente\/wp-content\/uploads\/2020\/04\/recopa-1995-equipo-cai.jpg\" alt=\"\" width=\"741\" height=\"486\" srcset=\"https:\/\/locoxelrojo.com\/independiente\/wp-content\/uploads\/2020\/04\/recopa-1995-equipo-cai.jpg 741w, https:\/\/locoxelrojo.com\/independiente\/wp-content\/uploads\/2020\/04\/recopa-1995-equipo-cai-300x197.jpg 300w, https:\/\/locoxelrojo.com\/independiente\/wp-content\/uploads\/2020\/04\/recopa-1995-equipo-cai-696x456.jpg 696w, https:\/\/locoxelrojo.com\/independiente\/wp-content\/uploads\/2020\/04\/recopa-1995-equipo-cai-640x420.jpg 640w, https:\/\/locoxelrojo.com\/independiente\/wp-content\/uploads\/2020\/04\/recopa-1995-equipo-cai-128x84.jpg 128w, https:\/\/locoxelrojo.com\/independiente\/wp-content\/uploads\/2020\/04\/recopa-1995-equipo-cai-32x21.jpg 32w\" sizes=\"(max-width: 741px) 100vw, 741px\" \/><\/a><\/p>\n<p>El \u00fanico tanto del juego\u00a0fue convertido por <strong>Serrizuela<\/strong> a los 24&#8242; del segundo tiempo y <strong>le permiti\u00f3 a Independiente alzar su t\u00edtulo internacional n\u00famero 14<\/strong>. Posteriormente, el Rojo disput\u00f3 tres ediciones m\u00e1s (1996, 2011 y 2018) y no pudo volver a ganarla.<\/p>\n<p><iframe loading=\"lazy\" src=\"https:\/\/www.facebook.com\/plugins\/video.php?href=https%3A%2F%2Fwww.facebook.com%2FLocoXelRojoWeb%2Fvideos%2F2680571482227752%2F&#038;show_text=0&#038;width=560\" width=\"560\" height=\"308\" style=\"border:none;overflow:hidden\" scrolling=\"no\" frameborder=\"0\" allowTransparency=\"true\" allowFullScreen=\"true\"><\/iframe><\/p>\n","protected":false},"excerpt":{"rendered":"<p>Un 9 de abril de 1995,\u00a0Independiente se consagr\u00f3 por primera y \u00fanica vez como campe\u00f3n de la Recopa Sudamericana. El encuentro que se disput\u00f3 a partido \u00fanico en Tokio, Jap\u00f3n, reuni\u00f3 a los ganadores de la Copa Libertadores y Supercopa de 1994. El V\u00e9lez de Carlos Bianchi por un lado y el Rojo de Miguel [&hellip;]<\/p>\n","protected":false},"author":19,"featured_media":87471,"comment_status":"open","ping_status":"closed","sticky":false,"template":"","format":"standard","meta":{"_links_to":"","_links_to_target":""},"categories":[3397,3247],"tags":[153,2929,2928,213],"_links":{"self":[{"href":"https:\/\/www.locoxelrojo.com\/independiente\/wp-json\/wp\/v2\/posts\/87473"}],"collection":[{"href":"https:\/\/www.locoxelrojo.com\/independiente\/wp-json\/wp\/v2\/posts"}],"about":[{"href":"https:\/\/www.locoxelrojo.com\/independiente\/wp-json\/wp\/v2\/types\/post"}],"author":[{"embeddable":true,"href":"https:\/\/www.locoxelrojo.com\/independiente\/wp-json\/wp\/v2\/users\/19"}],"replies":[{"embeddable":true,"href":"https:\/\/www.locoxelrojo.com\/independiente\/wp-json\/wp\/v2\/comments?post=87473"}],"version-history":[{"count":0,"href":"https:\/\/www.locoxelrojo.com\/independiente\/wp-json\/wp\/v2\/posts\/87473\/revisions"}],"wp:featuredmedia":[{"embeddable":true,"href":"https:\/\/www.locoxelrojo.com\/independiente\/wp-json\/wp\/v2\/media\/87471"}],"wp:attachment":[{"href":"https:\/\/www.locoxelrojo.com\/independiente\/wp-json\/wp\/v2\/media?parent=87473"}],"wp:term":[{"taxonomy":"category","embeddable":true,"href":"https:\/\/www.locoxelrojo.com\/independiente\/wp-json\/wp\/v2\/categories?post=87473"},{"taxonomy":"post_tag","embeddable":true,"href":"https:\/\/www.locoxelrojo.com\/independiente\/wp-json\/wp\/v2\/tags?post=87473"}],"curies":[{"name":"wp","href":"https:\/\/api.w.org\/{rel}","templated":true}]}}