{"id":87564,"date":"2020-04-20T13:40:47","date_gmt":"2020-04-20T16:40:47","guid":{"rendered":"http:\/\/www.locoxelrojo.com\/independiente\/?p=87564"},"modified":"2020-04-20T14:54:18","modified_gmt":"2020-04-20T17:54:18","slug":"el-plan-que-ofrece-el-gobierno-para-ayudar-a-los-clubes","status":"publish","type":"post","link":"https:\/\/www.locoxelrojo.com\/independiente\/2020\/04\/20\/el-plan-que-ofrece-el-gobierno-para-ayudar-a-los-clubes\/","title":{"rendered":"El plan que ofrece el Gobierno para ayudar a los clubes"},"content":{"rendered":"<p>En medio de la crisis econ\u00f3mica ocasionada por la pandemia, <strong>el Gobierno ampli\u00f3 el abanico de pretendientes para que las entidades deportivas tambi\u00e9n puedan utilizar el Programa de Recuperaci\u00f3n Productiva<\/strong>.<\/p>\n<p>\u00bfDe qu\u00e9 manera se beneficiar\u00eda Independiente con esto? <a href=\"https:\/\/www.argentina.gob.ar\/trabajo\/repro\">Seg\u00fan la p\u00e1gina del Gobierno<\/a>, a trav\u00e9s de este plan, los empleados de todo el club dispondr\u00e1n una suma fija mensual remunerativa de hasta <strong>un monto equivalente al salario m\u00ednimo, vital y m\u00f3vil ($16.875)<\/strong> por trabajador por un plazo de 12 meses.<\/p>\n<p><strong>Sin embargo quien quiera ser acreedor de este plan deber\u00e1 informar su situaci\u00f3n a las autoridades y comprometerse a no despedir a nadie del personal<\/strong>. Si bien este programa fue destinado a las empresas, resta definir si habr\u00e1 alguna modificaci\u00f3n por tratarse de clubes.<\/p>\n<p>Fue Mat\u00edas Lammens, Secretario de Turismo y Deporte, quien confirm\u00f3, en di\u00e1logo con Canal 26, que las instituciones pueden pedirlo por la delicada situaci\u00f3n que atraviesa el pa\u00eds. <strong>&#8220;El martes vamos a tener el total de clubes que se inscribieron en el programa, tengo entendido que son much\u00edsimos, incluso clubes de barrio. Abrimos una l\u00ednea especial de asistencia en el Ministerio para que puedan cumplir con los requisitos&#8221;<\/strong>, explic\u00f3.<\/p>\n<p><a href=\"https:\/\/www.locoxelrojo.com\/independiente\/2020\/03\/26\/un-guino-economico-de-la-conmebol\/\">Este programa que tiende aliviar la sangr\u00eda econ\u00f3mica que padecen los clubes se suma al gui\u00f1o que la CONMEBOL hizo hace unas semanas<\/a>, cuando confirm\u00f3 que los clubes que participen de la Libertadores o Sudamericana iban a <strong>poder cobrar un adelanto correspondiente a los derechos de participaci\u00f3n<\/strong>.<\/p>\n","protected":false},"excerpt":{"rendered":"<p>En medio de la crisis econ\u00f3mica ocasionada por la pandemia, el Gobierno ampli\u00f3 el abanico de pretendientes para que las entidades deportivas tambi\u00e9n puedan utilizar el Programa de Recuperaci\u00f3n Productiva. \u00bfDe qu\u00e9 manera se beneficiar\u00eda Independiente con esto? Seg\u00fan la p\u00e1gina del Gobierno, a trav\u00e9s de este plan, los empleados de todo el club dispondr\u00e1n [&hellip;]<\/p>\n","protected":false},"author":19,"featured_media":76527,"comment_status":"open","ping_status":"closed","sticky":false,"template":"","format":"standard","meta":{"_links_to":"","_links_to_target":""},"categories":[3280,3247],"tags":[153,1848],"_links":{"self":[{"href":"https:\/\/www.locoxelrojo.com\/independiente\/wp-json\/wp\/v2\/posts\/87564"}],"collection":[{"href":"https:\/\/www.locoxelrojo.com\/independiente\/wp-json\/wp\/v2\/posts"}],"about":[{"href":"https:\/\/www.locoxelrojo.com\/independiente\/wp-json\/wp\/v2\/types\/post"}],"author":[{"embeddable":true,"href":"https:\/\/www.locoxelrojo.com\/independiente\/wp-json\/wp\/v2\/users\/19"}],"replies":[{"embeddable":true,"href":"https:\/\/www.locoxelrojo.com\/independiente\/wp-json\/wp\/v2\/comments?post=87564"}],"version-history":[{"count":1,"href":"https:\/\/www.locoxelrojo.com\/independiente\/wp-json\/wp\/v2\/posts\/87564\/revisions"}],"predecessor-version":[{"id":87571,"href":"https:\/\/www.locoxelrojo.com\/independiente\/wp-json\/wp\/v2\/posts\/87564\/revisions\/87571"}],"wp:featuredmedia":[{"embeddable":true,"href":"https:\/\/www.locoxelrojo.com\/independiente\/wp-json\/wp\/v2\/media\/76527"}],"wp:attachment":[{"href":"https:\/\/www.locoxelrojo.com\/independiente\/wp-json\/wp\/v2\/media?parent=87564"}],"wp:term":[{"taxonomy":"category","embeddable":true,"href":"https:\/\/www.locoxelrojo.com\/independiente\/wp-json\/wp\/v2\/categories?post=87564"},{"taxonomy":"post_tag","embeddable":true,"href":"https:\/\/www.locoxelrojo.com\/independiente\/wp-json\/wp\/v2\/tags?post=87564"}],"curies":[{"name":"wp","href":"https:\/\/api.w.org\/{rel}","templated":true}]}}