{"id":87578,"date":"2020-04-21T14:02:53","date_gmt":"2020-04-21T17:02:53","guid":{"rendered":"http:\/\/www.locoxelrojo.com\/independiente\/?p=87578"},"modified":"2020-04-21T17:39:25","modified_gmt":"2020-04-21T20:39:25","slug":"fredes","status":"publish","type":"post","link":"https:\/\/www.locoxelrojo.com\/independiente\/2020\/04\/21\/fredes\/","title":{"rendered":"Fredes: &#8220;No estaban capacitados para manejar a Independiente&#8221;"},"content":{"rendered":"<p>El ex jugador de Independiente volvi\u00f3 a brindar una entrevista y se refiri\u00f3 a su paso por Independiente: el momento duro que le toc\u00f3 vivir, cr\u00edticas a la dirigencia, an\u00e1lisis de su nivel, el hecho de haber usado la n\u00famero 10 y sus ganas de volver.<\/p>\n<p><strong>\u201cYo no estaba de acuerdo en c\u00f3mo se manejaban dirigencialmente en aquel momento. Se sorprendieron de la situaci\u00f3n, no se esperaban manejar una instituci\u00f3n como Independiente. Para m\u00ed no estaban capacitados\u201d<\/strong>, comenz\u00f3 diciendo de manera picante Fredes en un instagram live con el colega Manuel Mella, critcando duramente la gesti\u00f3n por ese entonces de Javier Cantero.<\/p>\n<p>Pasando a lo futbol\u00edstico, el mediocampista cont\u00f3 lo que signifc\u00f3 utilizar un n\u00famero tan emblem\u00e1tico en la historia del Rojo: <strong>\u201cEl 10 es un n\u00famero hermoso pero no deja de ser un n\u00famero. La gente identifica que el 10 es Bochini, el Kun Ag\u00fcero, jugadores que te resuelven partidos. Yo soy un jugador de otras caracter\u00edsticas. Considero que no me dieron esa camiseta para que yo resuelva partidos, gambetee 5 jugadores y la clave al \u00e1ngulo, porque no soy as\u00ed\u201d.<\/strong><\/p>\n<p>Con respecto a su declaraciones hace algunas semanas, <strong><a href=\"https:\/\/www.locoxelrojo.com\/independiente\/2020\/04\/01\/fredes-habia-jugadores-que-se-hacian-los-lesionados-para-no-jugar\/\">donde dijo que hubieron jugadores que fing\u00edan lesiones para no jugar<\/a><\/strong>, el hoy futbolista del Sol de Am\u00e9rica de Paraguay retruc\u00f3: <strong>\u201cNo di nombres y no los voy a dar. Me toc\u00f3 vivir esa situaci\u00f3n. El m\u00e9dico le daba el alta f\u00edsica a alg\u00fan jugador y supuestamente el futbolista dec\u00eda que no, que no se sent\u00eda bien, que le molestaba\u201d.<\/strong><\/p>\n<p>Por \u00faltimo, Fredes confes\u00f3 su deseo de regresar a la instituci\u00f3n: <strong>\u201cObvio que me gustar\u00eda volver a Independiente. Nunca le cerr\u00e9 la puerta. Como futbolista me siento capaz y no tengo ning\u00fan problema. Yo tengo la ventaja de conocer la instituci\u00f3n, si tuviese que volver. S\u00e9 que no es f\u00e1cil jugar ah\u00ed, es una presi\u00f3n extra y te exigen el doble. El murmullo pesa mucho y las puteadas tambi\u00e9n. Yo aprend\u00ed a convivir con eso\u201d.<\/strong><\/p>\n","protected":false},"excerpt":{"rendered":"<p>El ex jugador de Independiente volvi\u00f3 a brindar una entrevista y se refiri\u00f3 a su paso por Independiente: el momento duro que le toc\u00f3 vivir, cr\u00edticas a la dirigencia, an\u00e1lisis de su nivel, el hecho de haber usado la n\u00famero 10 y sus ganas de volver. \u201cYo no estaba de acuerdo en c\u00f3mo se manejaban [&hellip;]<\/p>\n","protected":false},"author":101017,"featured_media":87579,"comment_status":"open","ping_status":"closed","sticky":false,"template":"","format":"standard","meta":{"_links_to":"","_links_to_target":""},"categories":[3280,3247],"tags":[153,4519,71,723],"_links":{"self":[{"href":"https:\/\/www.locoxelrojo.com\/independiente\/wp-json\/wp\/v2\/posts\/87578"}],"collection":[{"href":"https:\/\/www.locoxelrojo.com\/independiente\/wp-json\/wp\/v2\/posts"}],"about":[{"href":"https:\/\/www.locoxelrojo.com\/independiente\/wp-json\/wp\/v2\/types\/post"}],"author":[{"embeddable":true,"href":"https:\/\/www.locoxelrojo.com\/independiente\/wp-json\/wp\/v2\/users\/101017"}],"replies":[{"embeddable":true,"href":"https:\/\/www.locoxelrojo.com\/independiente\/wp-json\/wp\/v2\/comments?post=87578"}],"version-history":[{"count":0,"href":"https:\/\/www.locoxelrojo.com\/independiente\/wp-json\/wp\/v2\/posts\/87578\/revisions"}],"wp:featuredmedia":[{"embeddable":true,"href":"https:\/\/www.locoxelrojo.com\/independiente\/wp-json\/wp\/v2\/media\/87579"}],"wp:attachment":[{"href":"https:\/\/www.locoxelrojo.com\/independiente\/wp-json\/wp\/v2\/media?parent=87578"}],"wp:term":[{"taxonomy":"category","embeddable":true,"href":"https:\/\/www.locoxelrojo.com\/independiente\/wp-json\/wp\/v2\/categories?post=87578"},{"taxonomy":"post_tag","embeddable":true,"href":"https:\/\/www.locoxelrojo.com\/independiente\/wp-json\/wp\/v2\/tags?post=87578"}],"curies":[{"name":"wp","href":"https:\/\/api.w.org\/{rel}","templated":true}]}}