{"id":87618,"date":"2020-04-23T08:31:43","date_gmt":"2020-04-23T11:31:43","guid":{"rendered":"http:\/\/www.locoxelrojo.com\/independiente\/?p=87618"},"modified":"2020-04-23T04:30:43","modified_gmt":"2020-04-23T07:30:43","slug":"gomez-todavia-no-se-comunicaron-con-mi-representante-y-mi-contrato-termina-en-junio","status":"publish","type":"post","link":"https:\/\/www.locoxelrojo.com\/independiente\/2020\/04\/23\/gomez-todavia-no-se-comunicaron-con-mi-representante-y-mi-contrato-termina-en-junio\/","title":{"rendered":"G\u00f3mez: &#8220;Todav\u00eda no se comunicaron con mi representante y mi contrato termina en junio&#8221;"},"content":{"rendered":"<p>Marcelo G\u00f3mez, entrenador de la Reserva de Independiente, dialog\u00f3 con F\u00fatbol Al Rojo Vivo acerca de su situaci\u00f3n contractual as\u00ed como del trabajo t\u00e9cnico en tiempos de coronavirus. <strong>&#8220;Estoy con algo de incertidumbre, porque m\u00e1s all\u00e1 de esta situaci\u00f3n, comprensible, mi contrato termina en junio y nadie de la CD se comunic\u00f3 para saber cu\u00e1l es la intenci\u00f3n para con nosotros&#8221;<\/strong>, desliz\u00f3 el DT.<\/p>\n<p><strong>&#8220;Cristian Bragarnik es mi representante, pero todav\u00eda no se comunicaron con \u00e9l. A m\u00ed me dar\u00eda tranquilidad el hecho de poder seguir, me gusta planificar&#8221;<\/strong>, expres\u00f3 G\u00f3mez. A lo que agreg\u00f3: &#8220;<strong>Tuve algunos sondeos de afuera, pero siempre dej\u00e9 en claro que estoy agradecido a Independiente y c\u00f3modo en el club&#8221;<\/strong>.<\/p>\n<p>Luego de mostrarse satisfecho con su pasar en la instituci\u00f3n, G\u00f3mez coment\u00f3 c\u00f3mo entrena la Reserva desde que se instal\u00f3 el aislamiento social obligatorio: <strong>&#8220;Planificamos dos turnos de entrenamiento con el Profe, ma\u00f1ana y tarde. Sobre el modelo de juego, trabajamos con videos y los jugadores participan&#8221;<\/strong>. Adem\u00e1s, se\u00f1al\u00f3: <strong>&#8220;Tambi\u00e9n sumamos charlas con nutricionistas e incorporamos un coaching deportivo&#8221;<\/strong>.<\/p>\n<p>Luego, el Negro coment\u00f3 c\u00f3mo piensa que impactar\u00e1 la crisis que se vive en la econom\u00eda de las instituciones deportivas: <strong>&#8220;Creo que ahora, por las dificultades econ\u00f3micas del mundo, los clubes echar\u00e1n mano al f\u00fatbol juvenil. En Independiente apareci\u00f3 una camada de jugadores j\u00f3venes, en cantidad y calidad, y eso me llena de confianza respecto al futuro&#8221;<\/strong>.<\/p>\n<p>Para finalizar, el entrenador de la Reserva analiz\u00f3 el \u00faltimo torneo, que tuvo a sus dirigidos como protagonistas hasta las \u00faltimas fechas: <strong>&#8220;En el final del torneo nos cost\u00f3 porque la \u00faltima parte la enfrentamos con un equipo diferente al que ven\u00eda saliendo de memoria&#8221;<\/strong>. Igualmente, se mostr\u00f3 entusiasmado con lo que viene: <strong>&#8220;Tenemos jugadores que necesitan continuidad, nuestra tarea es que est\u00e9n preparados para cuando les toque jugar. Subimos muchos chicos de cuarta divisi\u00f3n&#8221;<\/strong>.<\/p>\n","protected":false},"excerpt":{"rendered":"<p>Marcelo G\u00f3mez, entrenador de la Reserva de Independiente, dialog\u00f3 con F\u00fatbol Al Rojo Vivo acerca de su situaci\u00f3n contractual as\u00ed como del trabajo t\u00e9cnico en tiempos de coronavirus. &#8220;Estoy con algo de incertidumbre, porque m\u00e1s all\u00e1 de esta situaci\u00f3n, comprensible, mi contrato termina en junio y nadie de la CD se comunic\u00f3 para saber cu\u00e1l [&hellip;]<\/p>\n","protected":false},"author":101016,"featured_media":85545,"comment_status":"open","ping_status":"closed","sticky":false,"template":"","format":"standard","meta":{"_links_to":"","_links_to_target":""},"categories":[3247,141],"tags":[2107,2730,4286,3270],"_links":{"self":[{"href":"https:\/\/www.locoxelrojo.com\/independiente\/wp-json\/wp\/v2\/posts\/87618"}],"collection":[{"href":"https:\/\/www.locoxelrojo.com\/independiente\/wp-json\/wp\/v2\/posts"}],"about":[{"href":"https:\/\/www.locoxelrojo.com\/independiente\/wp-json\/wp\/v2\/types\/post"}],"author":[{"embeddable":true,"href":"https:\/\/www.locoxelrojo.com\/independiente\/wp-json\/wp\/v2\/users\/101016"}],"replies":[{"embeddable":true,"href":"https:\/\/www.locoxelrojo.com\/independiente\/wp-json\/wp\/v2\/comments?post=87618"}],"version-history":[{"count":1,"href":"https:\/\/www.locoxelrojo.com\/independiente\/wp-json\/wp\/v2\/posts\/87618\/revisions"}],"predecessor-version":[{"id":87619,"href":"https:\/\/www.locoxelrojo.com\/independiente\/wp-json\/wp\/v2\/posts\/87618\/revisions\/87619"}],"wp:featuredmedia":[{"embeddable":true,"href":"https:\/\/www.locoxelrojo.com\/independiente\/wp-json\/wp\/v2\/media\/85545"}],"wp:attachment":[{"href":"https:\/\/www.locoxelrojo.com\/independiente\/wp-json\/wp\/v2\/media?parent=87618"}],"wp:term":[{"taxonomy":"category","embeddable":true,"href":"https:\/\/www.locoxelrojo.com\/independiente\/wp-json\/wp\/v2\/categories?post=87618"},{"taxonomy":"post_tag","embeddable":true,"href":"https:\/\/www.locoxelrojo.com\/independiente\/wp-json\/wp\/v2\/tags?post=87618"}],"curies":[{"name":"wp","href":"https:\/\/api.w.org\/{rel}","templated":true}]}}