{"id":87680,"date":"2020-04-28T15:12:55","date_gmt":"2020-04-28T18:12:55","guid":{"rendered":"http:\/\/www.locoxelrojo.com\/independiente\/?p=87680"},"modified":"2020-04-28T15:12:55","modified_gmt":"2020-04-28T18:12:55","slug":"oficial-afa-decidio-finalizar-la-temporada-2019-2020","status":"publish","type":"post","link":"https:\/\/www.locoxelrojo.com\/independiente\/2020\/04\/28\/oficial-afa-decidio-finalizar-la-temporada-2019-2020\/","title":{"rendered":"Oficial: AFA decidi\u00f3 finalizar la temporada 2019\/2020"},"content":{"rendered":"<p><strong>A trav\u00e9s de un comunicado oficial la Asociaci\u00f3n del F\u00fatbol Argentino dio por finalizada la temporada 2019\/2020.<\/strong> La resoluci\u00f3n fue firmada por el presidente Claudio Tapia. <strong>De esta manera, por el momento, Independiente qued\u00f3 afuera de las competencias internacionales en el 2021.<\/strong><\/p>\n<p>El <a href=\"https:\/\/drive.google.com\/file\/d\/1A7TtGVFW6NZ-stE12W0iCJ5m9ebawD_d\/view\">bolet\u00edn oficial es el n\u00famero 5768<\/a>. El mismo expresa que debido al parate del COVID-19 y el Decreto de Necesidad y Urgencia N\u00famero 297\/2020 que establece el &#8220;Aislamiento Social, Preventivo y Obligatorio&#8221; <strong>la AFA dispone dar por finalizada la Temporada 2019\/20 de las Categor\u00edas Primera Divisi\u00f3n (Superliga), Primera Nacional, Primera B Metropolitana, Primera C, Primera D y Federal A.<\/strong><\/p>\n<p>Con esta decisi\u00f3n oficial y debido a la p\u00e9sima campa\u00f1a, el Rojo no clasific\u00f3 por torneo a ninguna de las copas internacionales, algo que no ocurr\u00eda desde el a\u00f1o 2014. Solamente le quedan las v\u00edas alternativas que a\u00fan no hay demasiada informaci\u00f3n oficial sobre c\u00f3mo se van a retomar, si es que lo hacen: <strong>ganar la Copa Argentina, ganar la Copa Sudamericana, torneo alternativo que reemplace a la actual Copa de la Superliga.<\/strong><\/p>\n<p>Para ver la resoluci\u00f3n completa del bolet\u00edn hacer <a href=\"https:\/\/drive.google.com\/file\/d\/1A7TtGVFW6NZ-stE12W0iCJ5m9ebawD_d\/view\">click ac\u00e1<\/a>.<\/p>\n","protected":false},"excerpt":{"rendered":"<p>A trav\u00e9s de un comunicado oficial la Asociaci\u00f3n del F\u00fatbol Argentino dio por finalizada la temporada 2019\/2020. La resoluci\u00f3n fue firmada por el presidente Claudio Tapia. De esta manera, por el momento, Independiente qued\u00f3 afuera de las competencias internacionales en el 2021. El bolet\u00edn oficial es el n\u00famero 5768. El mismo expresa que debido al [&hellip;]<\/p>\n","protected":false},"author":1,"featured_media":86956,"comment_status":"open","ping_status":"closed","sticky":false,"template":"","format":"standard","meta":{"_links_to":"","_links_to_target":""},"categories":[3280,3247],"tags":[218,153,4498,4195],"_links":{"self":[{"href":"https:\/\/www.locoxelrojo.com\/independiente\/wp-json\/wp\/v2\/posts\/87680"}],"collection":[{"href":"https:\/\/www.locoxelrojo.com\/independiente\/wp-json\/wp\/v2\/posts"}],"about":[{"href":"https:\/\/www.locoxelrojo.com\/independiente\/wp-json\/wp\/v2\/types\/post"}],"author":[{"embeddable":true,"href":"https:\/\/www.locoxelrojo.com\/independiente\/wp-json\/wp\/v2\/users\/1"}],"replies":[{"embeddable":true,"href":"https:\/\/www.locoxelrojo.com\/independiente\/wp-json\/wp\/v2\/comments?post=87680"}],"version-history":[{"count":1,"href":"https:\/\/www.locoxelrojo.com\/independiente\/wp-json\/wp\/v2\/posts\/87680\/revisions"}],"predecessor-version":[{"id":87681,"href":"https:\/\/www.locoxelrojo.com\/independiente\/wp-json\/wp\/v2\/posts\/87680\/revisions\/87681"}],"wp:featuredmedia":[{"embeddable":true,"href":"https:\/\/www.locoxelrojo.com\/independiente\/wp-json\/wp\/v2\/media\/86956"}],"wp:attachment":[{"href":"https:\/\/www.locoxelrojo.com\/independiente\/wp-json\/wp\/v2\/media?parent=87680"}],"wp:term":[{"taxonomy":"category","embeddable":true,"href":"https:\/\/www.locoxelrojo.com\/independiente\/wp-json\/wp\/v2\/categories?post=87680"},{"taxonomy":"post_tag","embeddable":true,"href":"https:\/\/www.locoxelrojo.com\/independiente\/wp-json\/wp\/v2\/tags?post=87680"}],"curies":[{"name":"wp","href":"https:\/\/api.w.org\/{rel}","templated":true}]}}