{"id":87682,"date":"2020-04-28T15:39:12","date_gmt":"2020-04-28T18:39:12","guid":{"rendered":"http:\/\/www.locoxelrojo.com\/independiente\/?p=87682"},"modified":"2020-04-28T15:39:12","modified_gmt":"2020-04-28T18:39:12","slug":"sin-copas-para-el-rey-de-copas","status":"publish","type":"post","link":"https:\/\/www.locoxelrojo.com\/independiente\/2020\/04\/28\/sin-copas-para-el-rey-de-copas\/","title":{"rendered":"Sin copas para el Rey de Copas"},"content":{"rendered":"<p><a href=\"https:\/\/www.locoxelrojo.com\/independiente\/2020\/04\/28\/oficial-afa-decidio-finalizar-la-temporada-2019-2020\/\">Dada la decisi\u00f3n de la Asociaci\u00f3n del F\u00fatbol Argentino de dar por terminado el campeonato vigente<\/a> y decidir la clasificaci\u00f3n a los cert\u00e1menes internacionales de acuerdo a la posici\u00f3n en que finalizaron los equipos hasta el \u00faltimo encuentro disputado, <strong>Independiente se qued\u00f3 afuera tanto de la Libertadores como de la Sudamericana 2021. Pero todav\u00eda tiene chances de entrar-<\/strong><\/p>\n<p><strong>Viendo la tabla general, el Rojo qued\u00f3 a 4 puntos de Lan\u00fas, el \u00faltimo conjunto que se clasific\u00f3 a la Sudamericana del a\u00f1o pr\u00f3ximo.<\/strong> De esta manera, es el \u00fanico de los 5 grandes que no accedi\u00f3 al plano internacional por medio de la Superliga.<\/p>\n<p>Sin embargo, <strong>todav\u00eda queda alguna esperanza.<\/strong> Siempre y cuando la pelota vuelva a rodar antes de fin de a\u00f1o, <strong>el Rey de Copas podr\u00eda ingresar a la Libertadores si: se consagra campe\u00f3n de la actual Copa Sudamericana<\/strong> (donde avanz\u00f3 a la siguiente fase tras dejar en el camino a Fortaleza de Brasil); <strong>si se reanuda la competencia local<\/strong>, mediante su nuevo formato de clasificaci\u00f3n; <strong>o si obtiene la actual Copa Argentina,<\/strong> donde enfrentar\u00e1 a Villa Mitre de Bah\u00eda Blanca por los 32 avos. de final.<\/p>\n<p><a href=\"https:\/\/www.locoxelrojo.com\/independiente\/wp-content\/uploads\/2020\/04\/Tabla.jpg\"><img loading=\"lazy\" class=\"alignnone size-medium wp-image-87684\" src=\"https:\/\/www.locoxelrojo.com\/independiente\/wp-content\/uploads\/2020\/04\/Tabla-152x300.jpg\" alt=\"\" width=\"152\" height=\"300\" srcset=\"https:\/\/locoxelrojo.com\/independiente\/wp-content\/uploads\/2020\/04\/Tabla-152x300.jpg 152w, https:\/\/locoxelrojo.com\/independiente\/wp-content\/uploads\/2020\/04\/Tabla-768x1517.jpg 768w, https:\/\/locoxelrojo.com\/independiente\/wp-content\/uploads\/2020\/04\/Tabla-518x1024.jpg 518w, https:\/\/locoxelrojo.com\/independiente\/wp-content\/uploads\/2020\/04\/Tabla-696x1375.jpg 696w, https:\/\/locoxelrojo.com\/independiente\/wp-content\/uploads\/2020\/04\/Tabla-1068x2110.jpg 1068w, https:\/\/locoxelrojo.com\/independiente\/wp-content\/uploads\/2020\/04\/Tabla-213x420.jpg 213w, https:\/\/locoxelrojo.com\/independiente\/wp-content\/uploads\/2020\/04\/Tabla-65x128.jpg 65w, https:\/\/locoxelrojo.com\/independiente\/wp-content\/uploads\/2020\/04\/Tabla-16x32.jpg 16w, https:\/\/locoxelrojo.com\/independiente\/wp-content\/uploads\/2020\/04\/Tabla.jpg 1037w\" sizes=\"(max-width: 152px) 100vw, 152px\" \/><\/a><\/p>\n","protected":false},"excerpt":{"rendered":"<p>Dada la decisi\u00f3n de la Asociaci\u00f3n del F\u00fatbol Argentino de dar por terminado el campeonato vigente y decidir la clasificaci\u00f3n a los cert\u00e1menes internacionales de acuerdo a la posici\u00f3n en que finalizaron los equipos hasta el \u00faltimo encuentro disputado, Independiente se qued\u00f3 afuera tanto de la Libertadores como de la Sudamericana 2021. Pero todav\u00eda tiene [&hellip;]<\/p>\n","protected":false},"author":101017,"featured_media":87683,"comment_status":"open","ping_status":"closed","sticky":false,"template":"","format":"standard","meta":{"_links_to":"","_links_to_target":""},"categories":[3280,3247],"tags":[218,153,223,3266,4498,3217],"_links":{"self":[{"href":"https:\/\/www.locoxelrojo.com\/independiente\/wp-json\/wp\/v2\/posts\/87682"}],"collection":[{"href":"https:\/\/www.locoxelrojo.com\/independiente\/wp-json\/wp\/v2\/posts"}],"about":[{"href":"https:\/\/www.locoxelrojo.com\/independiente\/wp-json\/wp\/v2\/types\/post"}],"author":[{"embeddable":true,"href":"https:\/\/www.locoxelrojo.com\/independiente\/wp-json\/wp\/v2\/users\/101017"}],"replies":[{"embeddable":true,"href":"https:\/\/www.locoxelrojo.com\/independiente\/wp-json\/wp\/v2\/comments?post=87682"}],"version-history":[{"count":1,"href":"https:\/\/www.locoxelrojo.com\/independiente\/wp-json\/wp\/v2\/posts\/87682\/revisions"}],"predecessor-version":[{"id":87685,"href":"https:\/\/www.locoxelrojo.com\/independiente\/wp-json\/wp\/v2\/posts\/87682\/revisions\/87685"}],"wp:featuredmedia":[{"embeddable":true,"href":"https:\/\/www.locoxelrojo.com\/independiente\/wp-json\/wp\/v2\/media\/87683"}],"wp:attachment":[{"href":"https:\/\/www.locoxelrojo.com\/independiente\/wp-json\/wp\/v2\/media?parent=87682"}],"wp:term":[{"taxonomy":"category","embeddable":true,"href":"https:\/\/www.locoxelrojo.com\/independiente\/wp-json\/wp\/v2\/categories?post=87682"},{"taxonomy":"post_tag","embeddable":true,"href":"https:\/\/www.locoxelrojo.com\/independiente\/wp-json\/wp\/v2\/tags?post=87682"}],"curies":[{"name":"wp","href":"https:\/\/api.w.org\/{rel}","templated":true}]}}