{"id":87689,"date":"2020-04-28T17:25:50","date_gmt":"2020-04-28T20:25:50","guid":{"rendered":"http:\/\/www.locoxelrojo.com\/independiente\/?p=87689"},"modified":"2020-04-28T17:25:50","modified_gmt":"2020-04-28T20:25:50","slug":"pablo-moyano-la-economia-del-club-y-el-estado-de-las-deudas","status":"publish","type":"post","link":"https:\/\/www.locoxelrojo.com\/independiente\/2020\/04\/28\/pablo-moyano-la-economia-del-club-y-el-estado-de-las-deudas\/","title":{"rendered":"Pablo Moyano, la econom\u00eda del club y el estado de las deudas"},"content":{"rendered":"<p>El vicepresidente de Independiente aprovech\u00f3 una entrevista para hablar de todo lo relacionado al Rojo y <strong>aclar\u00f3 situaciones acerca de los jugadores y las deudas, del trabajo de las inferiores y destac\u00f3 el lado solidario del club en estos momentos dif\u00edciles.<\/strong><\/p>\n<p><strong>&#8220;Es m\u00e1s f\u00e1cil criticar que ver que llevamos comida a las casas&#8221;<\/strong>, comenz\u00f3 diciendo Moyano en di\u00e1logo con Muy Independiente sobre la campa\u00f1a<strong> &#8220;Independiente Solidario&#8221;<\/strong> y agreg\u00f3: <strong>&#8220;Esta pandemia est\u00e1 destruyendo todo. Se nos ocurri\u00f3 ayudar a la gente y estamos por ese camino. A veces es m\u00e1s f\u00e1cil criticar por alg\u00fan jugador que no rindi\u00f3 que ver estas cosas. Independiente est\u00e1 presente en este momento, ahora se ven los dirigentes. Los socios colaboran, el hincha com\u00fan agradece, las pe\u00f1as llaman. Es un momento dif\u00edcil y estamos apoyando a la gente que necesita&#8221;.<\/strong><\/p>\n<p>Luego, el dirigente habl\u00f3 acerca del trabajo y el futuro de Marcelo G\u00f3mez, DT de la Reserva, cuyo v\u00ednculo finaliza a mitad de a\u00f1o: <strong>&#8220;Marcelo G\u00f3mez hizo un laburo b\u00e1rbaro en Reserva. La idea es que siga, los chicos est\u00e1n muy contentos con \u00e9l. Este virus nos agarr\u00f3 de imprevisto a todos y en plenas negociaciones, seguro nos reuniremos con G\u00f3mez en los pr\u00f3ximos d\u00edas&#8221;.<\/strong><\/p>\n<p>Continuando por el sensible lado ec\u00f3nomico del club, Pablo agradeci\u00f3 a los socios que sostienen los ingresos y manifest\u00f3 que hay una campa\u00f1a en contra del Rojo: <strong>&#8220;Estamos agradecidos de coraz\u00f3n a los socios del Rojo por hacer el esfuerzo y pagar su cuota. Estamos en una crisis y, m\u00e1s all\u00e1 de las malas campa\u00f1as, es muy valorable ese gesto de seguir abonando. Hay una campa\u00f1a en contra nuestra. No se reflejan las buenas noticias. Independiente se va a acomodar cuando se reinicie el f\u00fatbol y tambi\u00e9n econ\u00f3micamente.<\/strong><\/p>\n<p>En la misma l\u00ednea, recalcando los estados de las deudas, dijo: <strong>&#8220;No se reflejan las buenas noticias, sino que nos pegan a los Moyano. Se ha saldado una deuda importante con Pumas de M\u00e9xico y llevando adelante conversaciones con las deudas pendientes y tambi\u00e9n tenemos para cobrar&#8221;.<\/strong><\/p>\n<p>Por \u00faltimo, sobre los casos de Andres Roa y Fernando Gaibor asegur\u00f3: <strong>&#8220;En Cali, ten\u00edamos un acuerdo con el presidente anterior. Hab\u00edamos hecho un acuerdo de palabra previo y quiz\u00e1s no se lo comunicaron al nuevo presidente. Creo que vamos a llegar a un acuerdo. La instituci\u00f3n y el t\u00e9cnico quieren que Andr\u00e9s Roa se quede. Por Gaibor hay una deuda de 90 mil d\u00f3lares en la que FIFA fall\u00f3 a favor de Emelec y en los pr\u00f3ximos meses la saldaremos si el TAS ratifica que hay que pagarlo&#8221;.<\/strong><\/p>\n","protected":false},"excerpt":{"rendered":"<p>El vicepresidente de Independiente aprovech\u00f3 una entrevista para hablar de todo lo relacionado al Rojo y aclar\u00f3 situaciones acerca de los jugadores y las deudas, del trabajo de las inferiores y destac\u00f3 el lado solidario del club en estos momentos dif\u00edciles. &#8220;Es m\u00e1s f\u00e1cil criticar que ver que llevamos comida a las casas&#8221;, comenz\u00f3 diciendo [&hellip;]<\/p>\n","protected":false},"author":101017,"featured_media":87290,"comment_status":"open","ping_status":"closed","sticky":false,"template":"","format":"standard","meta":{"_links_to":"","_links_to_target":""},"categories":[3280,3247],"tags":[153,4519,439],"_links":{"self":[{"href":"https:\/\/www.locoxelrojo.com\/independiente\/wp-json\/wp\/v2\/posts\/87689"}],"collection":[{"href":"https:\/\/www.locoxelrojo.com\/independiente\/wp-json\/wp\/v2\/posts"}],"about":[{"href":"https:\/\/www.locoxelrojo.com\/independiente\/wp-json\/wp\/v2\/types\/post"}],"author":[{"embeddable":true,"href":"https:\/\/www.locoxelrojo.com\/independiente\/wp-json\/wp\/v2\/users\/101017"}],"replies":[{"embeddable":true,"href":"https:\/\/www.locoxelrojo.com\/independiente\/wp-json\/wp\/v2\/comments?post=87689"}],"version-history":[{"count":1,"href":"https:\/\/www.locoxelrojo.com\/independiente\/wp-json\/wp\/v2\/posts\/87689\/revisions"}],"predecessor-version":[{"id":87690,"href":"https:\/\/www.locoxelrojo.com\/independiente\/wp-json\/wp\/v2\/posts\/87689\/revisions\/87690"}],"wp:featuredmedia":[{"embeddable":true,"href":"https:\/\/www.locoxelrojo.com\/independiente\/wp-json\/wp\/v2\/media\/87290"}],"wp:attachment":[{"href":"https:\/\/www.locoxelrojo.com\/independiente\/wp-json\/wp\/v2\/media?parent=87689"}],"wp:term":[{"taxonomy":"category","embeddable":true,"href":"https:\/\/www.locoxelrojo.com\/independiente\/wp-json\/wp\/v2\/categories?post=87689"},{"taxonomy":"post_tag","embeddable":true,"href":"https:\/\/www.locoxelrojo.com\/independiente\/wp-json\/wp\/v2\/tags?post=87689"}],"curies":[{"name":"wp","href":"https:\/\/api.w.org\/{rel}","templated":true}]}}