{"id":87761,"date":"2020-05-01T09:00:54","date_gmt":"2020-05-01T12:00:54","guid":{"rendered":"http:\/\/www.locoxelrojo.com\/independiente\/?p=87761"},"modified":"2020-05-01T15:26:38","modified_gmt":"2020-05-01T18:26:38","slug":"el-plan-ducatenzeiler-repatriar-a-los-grondona","status":"publish","type":"post","link":"https:\/\/www.locoxelrojo.com\/independiente\/2020\/05\/01\/el-plan-ducatenzeiler-repatriar-a-los-grondona\/","title":{"rendered":"El Plan Ducatenzeiler: repatriar a los Grondona"},"content":{"rendered":"<p>El expresidente de Independiente, <strong>Andr\u00e9s Ducatenzeiler<\/strong>, quiere conformar un grupo opositor para hacerle frente a los Moyano. \u00bfSu idea? Convencer a los Grondona de reinsertarse en la vida pol\u00edtica del Rojo.<\/p>\n<p>La aparici\u00f3n en escena de Ducatenzeiler siempre genera pol\u00e9mica. Y esta vez no fue la excepci\u00f3n. <strong>&#8220;Estoy tratando de llegar a un acuerdo con los hermanos Grondona (Humberto y Julio) porque me gustar\u00eda que participen en la vida pol\u00edtica de Independiente&#8221;<\/strong>, comenz\u00f3 el exmandam\u00e1s rojo en di\u00e1logo con La Visera.<\/p>\n<p>Y en la misma l\u00ednea, agreg\u00f3: <strong>&#8220;Creo que el apellido Grondona puede recuperarnos de la historia perdida, de la historia grande. Hay que arreglar un mont\u00f3n de cosas con la AFA&#8221;<\/strong>.<\/p>\n<p>Por \u00faltimo, Ducatenzeiler remarc\u00f3 que <strong>&#8220;los Grondona le pueden dar a Independiente el empuje que necesita&#8221;<\/strong> ya que cree necesario <strong>&#8220;armar un gran frente opositor&#8221;<\/strong> que le compita a Moyano en las pr\u00f3ximas elecciones.<\/p>\n<p>Sin embargo el operativo retorno que plantea el dirigente tiene su tinte pol\u00e9mico. Fue el mismo Ducatenzeiler quien <a href=\"https:\/\/www.elcafediario.com\/andres-ducatenzeiler-grondona-culpable-macri-presidente\/\">hace menos de un a\u00f1o hab\u00eda criticado a un Grondona en una entrevista con El Caf\u00e9 Diario<\/a>: <strong>&#8220;El peor presidente de todos fue H\u00e9ctor Grondona, hermano de Julio. \u00c9ste no le prest\u00f3 dinero y H\u00e9ctor recurri\u00f3 al poder pol\u00edtico para privatizar al club. Ah\u00ed comenzaron todos los problemas&#8221;<\/strong>.<\/p>\n<p>Bajo este contexto, \u00bfse podr\u00e1 crear un frente opositor capaz de competirle a la actual Comisi\u00f3n Directiva?<\/p>\n","protected":false},"excerpt":{"rendered":"<p>El expresidente de Independiente, Andr\u00e9s Ducatenzeiler, quiere conformar un grupo opositor para hacerle frente a los Moyano. \u00bfSu idea? Convencer a los Grondona de reinsertarse en la vida pol\u00edtica del Rojo. La aparici\u00f3n en escena de Ducatenzeiler siempre genera pol\u00e9mica. Y esta vez no fue la excepci\u00f3n. &#8220;Estoy tratando de llegar a un acuerdo con [&hellip;]<\/p>\n","protected":false},"author":19,"featured_media":85327,"comment_status":"open","ping_status":"closed","sticky":false,"template":"","format":"standard","meta":{"_links_to":"","_links_to_target":""},"categories":[3280,3247],"tags":[744,153,751,2892,833,4562],"_links":{"self":[{"href":"https:\/\/www.locoxelrojo.com\/independiente\/wp-json\/wp\/v2\/posts\/87761"}],"collection":[{"href":"https:\/\/www.locoxelrojo.com\/independiente\/wp-json\/wp\/v2\/posts"}],"about":[{"href":"https:\/\/www.locoxelrojo.com\/independiente\/wp-json\/wp\/v2\/types\/post"}],"author":[{"embeddable":true,"href":"https:\/\/www.locoxelrojo.com\/independiente\/wp-json\/wp\/v2\/users\/19"}],"replies":[{"embeddable":true,"href":"https:\/\/www.locoxelrojo.com\/independiente\/wp-json\/wp\/v2\/comments?post=87761"}],"version-history":[{"count":3,"href":"https:\/\/www.locoxelrojo.com\/independiente\/wp-json\/wp\/v2\/posts\/87761\/revisions"}],"predecessor-version":[{"id":87764,"href":"https:\/\/www.locoxelrojo.com\/independiente\/wp-json\/wp\/v2\/posts\/87761\/revisions\/87764"}],"wp:featuredmedia":[{"embeddable":true,"href":"https:\/\/www.locoxelrojo.com\/independiente\/wp-json\/wp\/v2\/media\/85327"}],"wp:attachment":[{"href":"https:\/\/www.locoxelrojo.com\/independiente\/wp-json\/wp\/v2\/media?parent=87761"}],"wp:term":[{"taxonomy":"category","embeddable":true,"href":"https:\/\/www.locoxelrojo.com\/independiente\/wp-json\/wp\/v2\/categories?post=87761"},{"taxonomy":"post_tag","embeddable":true,"href":"https:\/\/www.locoxelrojo.com\/independiente\/wp-json\/wp\/v2\/tags?post=87761"}],"curies":[{"name":"wp","href":"https:\/\/api.w.org\/{rel}","templated":true}]}}